{"id":211727,"date":"2026-03-15T11:36:54","date_gmt":"2026-03-15T17:36:54","guid":{"rendered":"https:\/\/nvnoticias.mx\/?p=211727"},"modified":"2026-03-15T11:37:01","modified_gmt":"2026-03-15T17:37:01","slug":"agradece-diaz-canel-mensaje-de-amlo-por-su-apoyo-a-cuba","status":"publish","type":"post","link":"https:\/\/nvnoticias.mx\/index.php\/2026\/03\/15\/agradece-diaz-canel-mensaje-de-amlo-por-su-apoyo-a-cuba\/","title":{"rendered":"Agradece D\u00edaz-Canel  mensaje de AMLO por su apoyo a Cuba"},"content":{"rendered":"\n<p><\/p>\n\n\n\n<p>El presidente de Cuba, Miguel D\u00edaz-Canel, agradeci\u00f3 la &#8220;generosa solidaridad y el acompa\u00f1amiento&#8221; de M\u00e9xico, en respuesta a un mensaje del ex mandatario de esa naci\u00f3n, Andr\u00e9s Manuel L\u00f3pez Obrador, en el que expres\u00f3 su apoyo al pueblo de la isla.<\/p>\n\n\n\n<p>&#8220;Gracias, querido hermano. En nombre de Cuba, no me cansar\u00e9 de agradecer la generosa solidaridad y el acompa\u00f1amiento de M\u00e9xico a la heroica resistencia del pueblo cubano&#8221;, expres\u00f3 D\u00edaz-Canel en las redes sociales.<\/p>\n\n\n\n<figure class=\"wp-block-embed is-type-rich is-provider-twitter wp-block-embed-twitter\"><div class=\"wp-block-embed__wrapper\">\n<blockquote class=\"twitter-tweet\" data-width=\"550\" data-dnt=\"true\"><p lang=\"es\" dir=\"ltr\">Gracias, querido hermano <a href=\"https:\/\/twitter.com\/lopezobrador_?ref_src=twsrc%5Etfw\">@lopezobrador_<\/a> . <br><br>En nombre de <a href=\"https:\/\/twitter.com\/hashtag\/Cuba?src=hash&amp;ref_src=twsrc%5Etfw\">#Cuba<\/a>, no me cansar\u00e9 de agradecer la generosa solidaridad y el acompa\u00f1amiento de <a href=\"https:\/\/twitter.com\/hashtag\/M%C3%A9xico?src=hash&amp;ref_src=twsrc%5Etfw\">#M\u00e9xico<\/a> a la heroica resistencia del pueblo cubano. <br><br>Y jam\u00e1s olvidaremos tu permanente y decisivo apoyo al fortalecimiento de esa entra\u00f1able\u2026 <a href=\"https:\/\/t.co\/Z9ivRPm1pT\">https:\/\/t.co\/Z9ivRPm1pT<\/a><\/p>&mdash; Miguel D\u00edaz-Canel Berm\u00fadez (@DiazCanelB) <a href=\"https:\/\/twitter.com\/DiazCanelB\/status\/2033152736057794897?ref_src=twsrc%5Etfw\">March 15, 2026<\/a><\/blockquote><script async src=\"https:\/\/platform.twitter.com\/widgets.js\" charset=\"utf-8\"><\/script>\n<\/div><\/figure>\n\n\n\n<p><\/p>\n\n\n\n<p>Fuente: <a href=\"https:\/\/www.milenio.com\/internacional\/presidente-diaz-canel-agradece-a-amlo-por-apoyo-a-cuba\">Milenio<\/a><\/p>\n","protected":false},"excerpt":{"rendered":"<p>El presidente de Cuba, Miguel D\u00edaz-Canel, agradeci\u00f3 la &#8220;generosa solidaridad y el acompa\u00f1amiento&#8221; de M\u00e9xico, en respuesta a un mensaje del ex mandatario de esa naci\u00f3n, Andr\u00e9s Manuel L\u00f3pez Obrador, en el que expres\u00f3 su apoyo al pueblo de la isla. &#8220;Gracias, querido hermano. En nombre de Cuba, no me cansar\u00e9 de agradecer la generosa [&hellip;]<\/p>\n","protected":false},"author":6,"featured_media":211728,"comment_status":"open","ping_status":"open","sticky":false,"template":"","format":"standard","meta":{"_monsterinsights_skip_tracking":false,"_monsterinsights_sitenote_active":false,"_monsterinsights_sitenote_note":"","_monsterinsights_sitenote_category":0,"footnotes":""},"categories":[181],"tags":[2501,3101,162],"class_list":["post-211727","post","type-post","status-publish","format-standard","has-post-thumbnail","hentry","category-internacional","tag-cuba","tag-miguel-diaz-canel","tag-portada","wp-image-borders"],"amp_enabled":true,"_links":{"self":[{"href":"https:\/\/nvnoticias.mx\/index.php\/wp-json\/wp\/v2\/posts\/211727","targetHints":{"allow":["GET"]}}],"collection":[{"href":"https:\/\/nvnoticias.mx\/index.php\/wp-json\/wp\/v2\/posts"}],"about":[{"href":"https:\/\/nvnoticias.mx\/index.php\/wp-json\/wp\/v2\/types\/post"}],"author":[{"embeddable":true,"href":"https:\/\/nvnoticias.mx\/index.php\/wp-json\/wp\/v2\/users\/6"}],"replies":[{"embeddable":true,"href":"https:\/\/nvnoticias.mx\/index.php\/wp-json\/wp\/v2\/comments?post=211727"}],"version-history":[{"count":1,"href":"https:\/\/nvnoticias.mx\/index.php\/wp-json\/wp\/v2\/posts\/211727\/revisions"}],"predecessor-version":[{"id":211729,"href":"https:\/\/nvnoticias.mx\/index.php\/wp-json\/wp\/v2\/posts\/211727\/revisions\/211729"}],"wp:featuredmedia":[{"embeddable":true,"href":"https:\/\/nvnoticias.mx\/index.php\/wp-json\/wp\/v2\/media\/211728"}],"wp:attachment":[{"href":"https:\/\/nvnoticias.mx\/index.php\/wp-json\/wp\/v2\/media?parent=211727"}],"wp:term":[{"taxonomy":"category","embeddable":true,"href":"https:\/\/nvnoticias.mx\/index.php\/wp-json\/wp\/v2\/categories?post=211727"},{"taxonomy":"post_tag","embeddable":true,"href":"https:\/\/nvnoticias.mx\/index.php\/wp-json\/wp\/v2\/tags?post=211727"}],"curies":[{"name":"wp","href":"https:\/\/api.w.org\/{rel}","templated":true}]}}