{"id":211725,"date":"2026-03-15T11:23:33","date_gmt":"2026-03-15T17:23:33","guid":{"rendered":"https:\/\/nvnoticias.mx\/?p=211725"},"modified":"2026-03-15T11:23:40","modified_gmt":"2026-03-15T17:23:40","slug":"pide-amlo-apoyar-con-donaciones-al-pueblo-de-cuba","status":"publish","type":"post","link":"https:\/\/nvnoticias.mx\/index.php\/2026\/03\/15\/pide-amlo-apoyar-con-donaciones-al-pueblo-de-cuba\/","title":{"rendered":"Pide AMLO apoyar con donaciones al pueblo de Cuba"},"content":{"rendered":"\n<p><\/p>\n\n\n\n<p>La cuenta del presidente Andr\u00e9s Manuel L\u00f3pez Obrador emiti\u00f3, por segunda vez en 2026, un mensaje en redes sociales, en el cual, sale en defensa de la soberan\u00eda de Cuba, y se\u00f1ala que han buscado \u201cexterminar por sus ideales de libertad y defensa de la soberan\u00eda\u201d.<\/p>\n\n\n\n<p>De acuerdo con el posteo realizado este 14 de marzo en la cuenta de X, del ex mandatario y cuyo \u00faltimo mensaje fue el 3 de enero con motivo de la captura de Nicolas Maduro, pidi\u00f3 reflexionar respecto a la situaci\u00f3n de la isla, que se\u00f1al\u00f3, no es ajena, al recordar al general L\u00e1zaro C\u00e1rdenas: \u201cNo es l\u00edcito preconizar nuestra indiferencia ante su heroica lucha, porque su suerte es la nuestra\u201d<\/p>\n\n\n\n<p>\u201cEstoy en retiro, pero me hiere que busquen exterminar, por sus ideales de libertad y defensa de la soberan\u00eda, al hermano pueblo de Cuba\u201d, escribi\u00f3.<\/p>\n\n\n\n<p>En el posteo de la cuenta que ostenta m\u00e1s de 10 millones de seguidores llam\u00f3 a apoyar al pueblo cubano mediante una asociaci\u00f3n civil Humanidad con Am\u00e9rica Latina, para la adquisici\u00f3n de alimentos, medicinas, petr\u00f3leo y gasolina.<\/p>\n\n\n\n<p>El pasado 3 de enero, el ex presidente L\u00f3pez Obrador tambi\u00e9n dej\u00f3 el retiro \u2014del cual se encuentra desde que cedi\u00f3 el poder\u2014 para alzar la voz por el operativo de Estados Unidos encabezado en territorio de Venezuela, que deriv\u00f3 en la detenci\u00f3n de Nicol\u00e1s Maduro.<\/p>\n\n\n\n<p>\u201cEstoy retirado de la pol\u00edtica, pero mis convicciones libertarias me impiden callar ante el prepotente atentado a la soberan\u00eda del pueblo de Venezuela y el secuestro de su presidente. Ni Bol\u00edvar ni Lincoln aceptar\u00edan que el gobierno de Estados Unidos actuara como una tiran\u00eda mundial\u201d, se\u00f1al\u00f3.<\/p>\n\n\n\n<figure class=\"wp-block-embed is-type-rich is-provider-twitter wp-block-embed-twitter\"><div class=\"wp-block-embed__wrapper\">\n<blockquote class=\"twitter-tweet\" data-width=\"550\" data-dnt=\"true\"><p lang=\"es\" dir=\"ltr\">Estoy en retiro, pero me hiere que busquen exterminar, por sus ideales de libertad y defensa de la soberan\u00eda, al hermano pueblo de Cuba. <br><br>A quienes piensan que se trata de un pleito ajeno, les recuerdo lo que dijo el general C\u00e1rdenas cuando fue la invasi\u00f3n de playa Gir\u00f3n: \u00abNo es\u2026<\/p>&mdash; Andr\u00e9s Manuel (@lopezobrador_) <a href=\"https:\/\/twitter.com\/lopezobrador_\/status\/2033020241391788187?ref_src=twsrc%5Etfw\">March 15, 2026<\/a><\/blockquote><script async src=\"https:\/\/platform.twitter.com\/widgets.js\" charset=\"utf-8\"><\/script>\n<\/div><\/figure>\n\n\n\n<p>Previamente en noviembre de 2025 tambi\u00e9n dej\u00f3 el retiro para presentar su libro Grandeza\u00a0desde su quinta en Palenque, Chiapas.<\/p>\n\n\n\n<p>La otra ocasi\u00f3n que dej\u00f3 el retiro fue en la elecci\u00f3n judicial de 2025, al emitir su voto en la jornada.<\/p>\n\n\n\n<p>Fuente: <a href=\"https:\/\/www.milenio.com\/politica\/amlo-pide-apoyar-con-donaciones-al-pueblo-de-cuba\">Milenio<\/a><\/p>\n","protected":false},"excerpt":{"rendered":"<p>La cuenta del presidente Andr\u00e9s Manuel L\u00f3pez Obrador emiti\u00f3, por segunda vez en 2026, un mensaje en redes sociales, en el cual, sale en defensa de la soberan\u00eda de Cuba, y se\u00f1ala que han buscado \u201cexterminar por sus ideales de libertad y defensa de la soberan\u00eda\u201d. De acuerdo con el posteo realizado este 14 de [&hellip;]<\/p>\n","protected":false},"author":6,"featured_media":155145,"comment_status":"open","ping_status":"open","sticky":false,"template":"","format":"standard","meta":{"_monsterinsights_skip_tracking":false,"_monsterinsights_sitenote_active":false,"_monsterinsights_sitenote_note":"","_monsterinsights_sitenote_category":0,"footnotes":""},"categories":[157],"tags":[188,2501,162],"class_list":["post-211725","post","type-post","status-publish","format-standard","has-post-thumbnail","hentry","category-nacional","tag-amlo","tag-cuba","tag-portada","wp-image-borders"],"amp_enabled":true,"_links":{"self":[{"href":"https:\/\/nvnoticias.mx\/index.php\/wp-json\/wp\/v2\/posts\/211725","targetHints":{"allow":["GET"]}}],"collection":[{"href":"https:\/\/nvnoticias.mx\/index.php\/wp-json\/wp\/v2\/posts"}],"about":[{"href":"https:\/\/nvnoticias.mx\/index.php\/wp-json\/wp\/v2\/types\/post"}],"author":[{"embeddable":true,"href":"https:\/\/nvnoticias.mx\/index.php\/wp-json\/wp\/v2\/users\/6"}],"replies":[{"embeddable":true,"href":"https:\/\/nvnoticias.mx\/index.php\/wp-json\/wp\/v2\/comments?post=211725"}],"version-history":[{"count":1,"href":"https:\/\/nvnoticias.mx\/index.php\/wp-json\/wp\/v2\/posts\/211725\/revisions"}],"predecessor-version":[{"id":211726,"href":"https:\/\/nvnoticias.mx\/index.php\/wp-json\/wp\/v2\/posts\/211725\/revisions\/211726"}],"wp:featuredmedia":[{"embeddable":true,"href":"https:\/\/nvnoticias.mx\/index.php\/wp-json\/wp\/v2\/media\/155145"}],"wp:attachment":[{"href":"https:\/\/nvnoticias.mx\/index.php\/wp-json\/wp\/v2\/media?parent=211725"}],"wp:term":[{"taxonomy":"category","embeddable":true,"href":"https:\/\/nvnoticias.mx\/index.php\/wp-json\/wp\/v2\/categories?post=211725"},{"taxonomy":"post_tag","embeddable":true,"href":"https:\/\/nvnoticias.mx\/index.php\/wp-json\/wp\/v2\/tags?post=211725"}],"curies":[{"name":"wp","href":"https:\/\/api.w.org\/{rel}","templated":true}]}}