{"id":211723,"date":"2026-03-15T10:41:27","date_gmt":"2026-03-15T16:41:27","guid":{"rendered":"https:\/\/nvnoticias.mx\/?p=211723"},"modified":"2026-03-15T10:41:34","modified_gmt":"2026-03-15T16:41:34","slug":"construccion-de-vivienda-generara-derrama-de-10-mmdp","status":"publish","type":"post","link":"https:\/\/nvnoticias.mx\/index.php\/2026\/03\/15\/construccion-de-vivienda-generara-derrama-de-10-mmdp\/","title":{"rendered":"Construcci\u00f3n de vivienda generar\u00e1 derrama de 10 mmdp"},"content":{"rendered":"\n<p><\/p>\n\n\n\n<p><strong>Jes\u00fas Utrilla &#8211; NV Noticias<\/strong><\/p>\n\n\n\n<p>Desarrolladores de vivienda proyectan una derrama econ\u00f3mica cercana a los 10 mil millones de pesos en Veracruz derivada de la construcci\u00f3n y comercializaci\u00f3n de casas durante el actual sexenio federal.<\/p>\n\n\n\n<p>Marcos Rafael Ordu\u00f1a Alcocer, presidente regional de la C\u00e1mara Nacional de Desarrolladores de Vivienda (Canadevi), explic\u00f3 que esta estimaci\u00f3n contempla tambi\u00e9n los recursos generados por el programa federal Viviendas del Bienestar, impulsado para ampliar el acceso a vivienda en el pa\u00eds.<\/p>\n\n\n\n<p>El dirigente empresarial record\u00f3 que a nivel nacional se prev\u00e9 la edificaci\u00f3n de un mill\u00f3n 800 mil viviendas dentro de este programa. De ese total, un mill\u00f3n 200 mil estar\u00e1n a cargo del Infonavit, 500 mil de la Comisi\u00f3n Nacional de Vivienda y 100 mil del Fovissste.<\/p>\n\n\n\n<p>Indic\u00f3 que Veracruz ser\u00e1 una de las entidades participantes en esta estrategia habitacional y que la entrega de las casas se realizar\u00e1 conforme avancen y concluyan las etapas de construcci\u00f3n.<\/p>\n\n\n\n<p>Ordu\u00f1a Alcocer detall\u00f3 que el municipio de Veracruz concentrar\u00e1 alrededor de dos terceras partes de la inversi\u00f3n estimada, es decir, aproximadamente 6 mil 667 millones de pesos, debido a que la zona se mantiene como el principal punto de desarrollo inmobiliario en el estado.<\/p>\n","protected":false},"excerpt":{"rendered":"<p>Jes\u00fas Utrilla &#8211; NV Noticias Desarrolladores de vivienda proyectan una derrama econ\u00f3mica cercana a los 10 mil millones de pesos en Veracruz derivada de la construcci\u00f3n y comercializaci\u00f3n de casas durante el actual sexenio federal. Marcos Rafael Ordu\u00f1a Alcocer, presidente regional de la C\u00e1mara Nacional de Desarrolladores de Vivienda (Canadevi), explic\u00f3 que esta estimaci\u00f3n contempla [&hellip;]<\/p>\n","protected":false},"author":6,"featured_media":89818,"comment_status":"open","ping_status":"open","sticky":false,"template":"","format":"standard","meta":{"_monsterinsights_skip_tracking":false,"_monsterinsights_sitenote_active":false,"_monsterinsights_sitenote_note":"","_monsterinsights_sitenote_category":0,"footnotes":""},"categories":[154],"tags":[162,1271],"class_list":["post-211723","post","type-post","status-publish","format-standard","has-post-thumbnail","hentry","category-veracruz","tag-portada","tag-vivienda","wp-image-borders"],"amp_enabled":true,"_links":{"self":[{"href":"https:\/\/nvnoticias.mx\/index.php\/wp-json\/wp\/v2\/posts\/211723","targetHints":{"allow":["GET"]}}],"collection":[{"href":"https:\/\/nvnoticias.mx\/index.php\/wp-json\/wp\/v2\/posts"}],"about":[{"href":"https:\/\/nvnoticias.mx\/index.php\/wp-json\/wp\/v2\/types\/post"}],"author":[{"embeddable":true,"href":"https:\/\/nvnoticias.mx\/index.php\/wp-json\/wp\/v2\/users\/6"}],"replies":[{"embeddable":true,"href":"https:\/\/nvnoticias.mx\/index.php\/wp-json\/wp\/v2\/comments?post=211723"}],"version-history":[{"count":1,"href":"https:\/\/nvnoticias.mx\/index.php\/wp-json\/wp\/v2\/posts\/211723\/revisions"}],"predecessor-version":[{"id":211724,"href":"https:\/\/nvnoticias.mx\/index.php\/wp-json\/wp\/v2\/posts\/211723\/revisions\/211724"}],"wp:featuredmedia":[{"embeddable":true,"href":"https:\/\/nvnoticias.mx\/index.php\/wp-json\/wp\/v2\/media\/89818"}],"wp:attachment":[{"href":"https:\/\/nvnoticias.mx\/index.php\/wp-json\/wp\/v2\/media?parent=211723"}],"wp:term":[{"taxonomy":"category","embeddable":true,"href":"https:\/\/nvnoticias.mx\/index.php\/wp-json\/wp\/v2\/categories?post=211723"},{"taxonomy":"post_tag","embeddable":true,"href":"https:\/\/nvnoticias.mx\/index.php\/wp-json\/wp\/v2\/tags?post=211723"}],"curies":[{"name":"wp","href":"https:\/\/api.w.org\/{rel}","templated":true}]}}