{"id":211714,"date":"2026-03-14T14:52:11","date_gmt":"2026-03-14T20:52:11","guid":{"rendered":"https:\/\/nvnoticias.mx\/?p=211714"},"modified":"2026-03-14T14:52:18","modified_gmt":"2026-03-14T20:52:18","slug":"realizan-el-guantes-rosas-2026-en-veracruz","status":"publish","type":"post","link":"https:\/\/nvnoticias.mx\/index.php\/2026\/03\/14\/realizan-el-guantes-rosas-2026-en-veracruz\/","title":{"rendered":"Realizan el Guantes Rosas 2026, en Veracruz"},"content":{"rendered":"\n<p><\/p>\n\n\n\n<p><strong>Jes\u00fas Utrilla\u00a0&#8211; NV Noticias<\/strong><\/p>\n\n\n\n<p>El evento \u201cGuantes Rosas 2026\u201d se llev\u00f3 a cabo este s\u00e1bado en la Plaza de las Atarazanas, en el puerto de Veracruz, con el objetivo de impulsar la pr\u00e1ctica del boxeo y promover la activaci\u00f3n f\u00edsica entre la poblaci\u00f3n.<\/p>\n\n\n\n<p>La actividad reuni\u00f3 a pugilistas, entrenadores y entusiastas del llamado boxeo fitness, quienes participaron en diversas din\u00e1micas deportivas orientadas a fomentar estilos de vida saludables y el ejercicio regular.<\/p>\n\n\n\n<p>Uno de los ejes principales de la jornada fue incentivar la participaci\u00f3n de las mujeres en disciplinas deportivas como el boxeo, promoviendo espacios incluyentes donde puedan desarrollar sus habilidades f\u00edsicas y fortalecer su bienestar.<\/p>\n\n\n\n<p>Durante el encuentro tambi\u00e9n se realizaron exhibiciones y sesiones de entrenamiento abiertas al p\u00fablico, en un ambiente familiar que busc\u00f3 acercar esta disciplina a m\u00e1s personas y reforzar la importancia de la actividad f\u00edsica como parte de la vida diaria.<\/p>\n\n\n\n<p>Asimismo, organizadores se\u00f1alaron que este tipo de iniciativas buscan consolidarse como espacios permanentes para la promoci\u00f3n del deporte comunitario, impulsando la convivencia social y el inter\u00e9s por disciplinas como el boxeo, al tiempo que se generan oportunidades para que nuevos talentos se acerquen a esta actividad.<\/p>\n","protected":false},"excerpt":{"rendered":"<p>Jes\u00fas Utrilla\u00a0&#8211; NV Noticias El evento \u201cGuantes Rosas 2026\u201d se llev\u00f3 a cabo este s\u00e1bado en la Plaza de las Atarazanas, en el puerto de Veracruz, con el objetivo de impulsar la pr\u00e1ctica del boxeo y promover la activaci\u00f3n f\u00edsica entre la poblaci\u00f3n. La actividad reuni\u00f3 a pugilistas, entrenadores y entusiastas del llamado boxeo fitness, [&hellip;]<\/p>\n","protected":false},"author":6,"featured_media":211715,"comment_status":"open","ping_status":"open","sticky":false,"template":"","format":"standard","meta":{"_monsterinsights_skip_tracking":false,"_monsterinsights_sitenote_active":false,"_monsterinsights_sitenote_note":"","_monsterinsights_sitenote_category":0,"footnotes":""},"categories":[154],"tags":[33151],"class_list":["post-211714","post","type-post","status-publish","format-standard","has-post-thumbnail","hentry","category-veracruz","tag-guantes-rosas","wp-image-borders"],"amp_enabled":true,"_links":{"self":[{"href":"https:\/\/nvnoticias.mx\/index.php\/wp-json\/wp\/v2\/posts\/211714","targetHints":{"allow":["GET"]}}],"collection":[{"href":"https:\/\/nvnoticias.mx\/index.php\/wp-json\/wp\/v2\/posts"}],"about":[{"href":"https:\/\/nvnoticias.mx\/index.php\/wp-json\/wp\/v2\/types\/post"}],"author":[{"embeddable":true,"href":"https:\/\/nvnoticias.mx\/index.php\/wp-json\/wp\/v2\/users\/6"}],"replies":[{"embeddable":true,"href":"https:\/\/nvnoticias.mx\/index.php\/wp-json\/wp\/v2\/comments?post=211714"}],"version-history":[{"count":1,"href":"https:\/\/nvnoticias.mx\/index.php\/wp-json\/wp\/v2\/posts\/211714\/revisions"}],"predecessor-version":[{"id":211716,"href":"https:\/\/nvnoticias.mx\/index.php\/wp-json\/wp\/v2\/posts\/211714\/revisions\/211716"}],"wp:featuredmedia":[{"embeddable":true,"href":"https:\/\/nvnoticias.mx\/index.php\/wp-json\/wp\/v2\/media\/211715"}],"wp:attachment":[{"href":"https:\/\/nvnoticias.mx\/index.php\/wp-json\/wp\/v2\/media?parent=211714"}],"wp:term":[{"taxonomy":"category","embeddable":true,"href":"https:\/\/nvnoticias.mx\/index.php\/wp-json\/wp\/v2\/categories?post=211714"},{"taxonomy":"post_tag","embeddable":true,"href":"https:\/\/nvnoticias.mx\/index.php\/wp-json\/wp\/v2\/tags?post=211714"}],"curies":[{"name":"wp","href":"https:\/\/api.w.org\/{rel}","templated":true}]}}