{"id":211679,"date":"2026-03-14T11:29:53","date_gmt":"2026-03-14T17:29:53","guid":{"rendered":"https:\/\/nvnoticias.mx\/?p=211679"},"modified":"2026-03-14T11:29:59","modified_gmt":"2026-03-14T17:29:59","slug":"capacitan-a-prestadores-de-servicio-previo-a-semana-santa","status":"publish","type":"post","link":"https:\/\/nvnoticias.mx\/index.php\/2026\/03\/14\/capacitan-a-prestadores-de-servicio-previo-a-semana-santa\/","title":{"rendered":"Capacitan a prestadores de servicio previo a Semana Santa"},"content":{"rendered":"\n<p><\/p>\n\n\n\n<p><strong>Sam Ojeda &#8211; NV Noticias<\/strong><\/p>\n\n\n\n<p>Ante la proximidad del periodo vacacional de Semana Santa, prestadores de servicios tur\u00edsticos en Veracruz han sido capacitados para atender la llegada de visitantes que se espera en distintos puntos del estado, principalmente en la zona conurbada Veracruz\u2013Boca del R\u00edo.<\/p>\n\n\n\n<p>El secretario de Turismo estatal, Igor Roj\u00ed L\u00f3pez, inform\u00f3 que las acciones de preparaci\u00f3n incluyeron capacitaci\u00f3n a restauranteros, hoteleros y operadores tur\u00edsticos para mejorar la atenci\u00f3n durante una de las temporadas de mayor movimiento tur\u00edstico.<\/p>\n\n\n\n<blockquote class=\"wp-block-quote is-layout-flow wp-block-quote-is-layout-flow\">\n<p>\u201cDesde la Secretar\u00eda hemos estado haciendo capacitaciones a todos los prestadores de servicios, tanto restauranteros como hoteleros y creo que nos ir\u00e1 bien\u201d.<\/p>\n<\/blockquote>\n\n\n\n<p>De acuerdo con el funcionario, los tour operadores tambi\u00e9n preparan actividades y servicios dirigidos a los turistas que se prev\u00e9 arriben en los pr\u00f3ximos d\u00edas al estado.<\/p>\n\n\n\n<blockquote class=\"wp-block-quote is-layout-flow wp-block-quote-is-layout-flow\">\n<p>\u201cCreo que nos ir\u00e1 muy bien, los tour operadores est\u00e1n preparando muchas cosas para poder atender a las turistas\u201d.<\/p>\n<\/blockquote>\n\n\n\n<p>Se\u00f1al\u00f3 que para el puerto de Veracruz este periodo representa el momento de mayor afluencia tur\u00edstica del a\u00f1o.<\/p>\n\n\n\n<blockquote class=\"wp-block-quote is-layout-flow wp-block-quote-is-layout-flow\">\n<p>\u201cLa Semana Santa es el principal periodo vacacional para el puerto de Veracruz\u201d.<\/p>\n<\/blockquote>\n\n\n\n<p>Agreg\u00f3 que el impacto econ\u00f3mico que genere la temporada depender\u00e1 de diversos factores, entre ellos las condiciones climatol\u00f3gicas que se registren durante los d\u00edas de descanso, por lo que el balance se realizar\u00e1 una vez que concluya el periodo.<\/p>\n\n\n\n<blockquote class=\"wp-block-quote is-layout-flow wp-block-quote-is-layout-flow\">\n<p>\u201cLa derrama econ\u00f3mica depende de muchos aspectos, el tema climatol\u00f3gico, pero terminando el periodo tendremos los n\u00fameros\u201d.<\/p>\n<\/blockquote>\n","protected":false},"excerpt":{"rendered":"<p>Sam Ojeda &#8211; NV Noticias Ante la proximidad del periodo vacacional de Semana Santa, prestadores de servicios tur\u00edsticos en Veracruz han sido capacitados para atender la llegada de visitantes que se espera en distintos puntos del estado, principalmente en la zona conurbada Veracruz\u2013Boca del R\u00edo. El secretario de Turismo estatal, Igor Roj\u00ed L\u00f3pez, inform\u00f3 que [&hellip;]<\/p>\n","protected":false},"author":6,"featured_media":211680,"comment_status":"open","ping_status":"open","sticky":false,"template":"","format":"standard","meta":{"_monsterinsights_skip_tracking":false,"_monsterinsights_sitenote_active":false,"_monsterinsights_sitenote_note":"","_monsterinsights_sitenote_category":0,"footnotes":""},"categories":[156],"tags":[1474],"class_list":["post-211679","post","type-post","status-publish","format-standard","has-post-thumbnail","hentry","category-estado","tag-semana-santa","wp-image-borders"],"amp_enabled":true,"_links":{"self":[{"href":"https:\/\/nvnoticias.mx\/index.php\/wp-json\/wp\/v2\/posts\/211679","targetHints":{"allow":["GET"]}}],"collection":[{"href":"https:\/\/nvnoticias.mx\/index.php\/wp-json\/wp\/v2\/posts"}],"about":[{"href":"https:\/\/nvnoticias.mx\/index.php\/wp-json\/wp\/v2\/types\/post"}],"author":[{"embeddable":true,"href":"https:\/\/nvnoticias.mx\/index.php\/wp-json\/wp\/v2\/users\/6"}],"replies":[{"embeddable":true,"href":"https:\/\/nvnoticias.mx\/index.php\/wp-json\/wp\/v2\/comments?post=211679"}],"version-history":[{"count":1,"href":"https:\/\/nvnoticias.mx\/index.php\/wp-json\/wp\/v2\/posts\/211679\/revisions"}],"predecessor-version":[{"id":211681,"href":"https:\/\/nvnoticias.mx\/index.php\/wp-json\/wp\/v2\/posts\/211679\/revisions\/211681"}],"wp:featuredmedia":[{"embeddable":true,"href":"https:\/\/nvnoticias.mx\/index.php\/wp-json\/wp\/v2\/media\/211680"}],"wp:attachment":[{"href":"https:\/\/nvnoticias.mx\/index.php\/wp-json\/wp\/v2\/media?parent=211679"}],"wp:term":[{"taxonomy":"category","embeddable":true,"href":"https:\/\/nvnoticias.mx\/index.php\/wp-json\/wp\/v2\/categories?post=211679"},{"taxonomy":"post_tag","embeddable":true,"href":"https:\/\/nvnoticias.mx\/index.php\/wp-json\/wp\/v2\/tags?post=211679"}],"curies":[{"name":"wp","href":"https:\/\/api.w.org\/{rel}","templated":true}]}}