{"id":211676,"date":"2026-03-14T11:15:53","date_gmt":"2026-03-14T17:15:53","guid":{"rendered":"https:\/\/nvnoticias.mx\/?p=211676"},"modified":"2026-03-14T11:16:00","modified_gmt":"2026-03-14T17:16:00","slug":"asaltan-manifestantes-sede-del-partido-comunista-en-cuba-ante-crisis-por-apagones","status":"publish","type":"post","link":"https:\/\/nvnoticias.mx\/index.php\/2026\/03\/14\/asaltan-manifestantes-sede-del-partido-comunista-en-cuba-ante-crisis-por-apagones\/","title":{"rendered":"Asaltan manifestantes sede del Partido Comunista en Cuba ante crisis por apagones\u00a0"},"content":{"rendered":"\n<p><\/p>\n\n\n\n<p>Varias personas asaltaron en la medianoche de este s\u00e1bado una sede del Partido Comunista (\u00fanico) en en el centro de Cuba, como protesta por los prolongados apagones y la falta de alimentos, seg\u00fan inform\u00f3 un peri\u00f3dico oficial.<\/p>\n\n\n\n<p>Estos hechos ocurrieron cuando Cuba, con 9.6 millones de habitantes, enfrenta una fuerte crisis econ\u00f3mica, agravada por la brusca suspensi\u00f3n en enero del suministro de crudo desde Venezuela, luego de la ca\u00edda de Nicol\u00e1s Maduro en una intervenci\u00f3n militar estadounidense, y el bloqueo petrolero de facto que Washington impone a la isla.<\/p>\n\n\n\n<p>\u00bfC\u00f3mo ocurrieron los hechos?<br>Las protestas sucedieron en el municipio de Mor\u00f3n, provincia Ciego de \u00c1vila (centro), a 460 kil\u00f3metros de La Habana. Un breve reporte del peri\u00f3dico provincial Invasor inform\u00f3 que como resultado de estos &#8220;hechos vand\u00e1licos&#8221; fueron detenidas cinco personas.<\/p>\n\n\n\n<p>&#8220;Lo que en un inicio transcurri\u00f3 de manera pac\u00edfica, y tras un intercambio con autoridades del territorio, deriv\u00f3 en hechos vand\u00e1licos contra la sede del Comit\u00e9 Municipal del Partido, donde un grupo m\u00e1s reducido de personas apedrearon la entrada del inmueble y provocaron un incendio en la v\u00eda p\u00fablica con los muebles de la recepci\u00f3n&#8221;.<br>Videos que circulan en redes sociales, cuya autenticidad la AFP no ha podido verificar, ilustran los hechos descritos por Invasor y muestran a personas protestando, el asalto a la instituci\u00f3n gubernamental y la quema de bienes en la v\u00eda p\u00fablica.<\/p>\n\n\n\n<p>Seg\u00fan el peri\u00f3dico oficial, las manifestaciones tambi\u00e9n provocaron da\u00f1os a otros establecimientos estatales del territorio y &#8220;una persona en estado de embriaguez sufri\u00f3 una ca\u00edda&#8221;, la cual est\u00e1 siendo atendida en un centro hospitalario, aunque no se mencionan las lesiones de la persona ni su vinculaci\u00f3n con los hechos.<\/p>\n\n\n\n<p>Sin embargo, la ONG Justicia11, que documenta las manifestaciones en Cuba desde las hist\u00f3ricas protestas del 11 de julio de 2021, alert\u00f3 que la lesi\u00f3n de la persona mencionada por la prensa oficial &#8220;podr\u00eda tartarse de una herida de bala&#8221;, sin precisar el origen de los disparos.<\/p>\n\n\n\n<p>&#8220;De acuerdo con informaci\u00f3n revisada por nuestra organizaci\u00f3n, durante la protesta se escucharon detonaciones en las inmediaciones de inmuebles vinculados a la sede municipal del Partdio Comunista&#8221;, denunci\u00f3.<\/p>\n\n\n\n<p>Fuente: <a href=\"https:\/\/www.milenio.com\/internacional\/protestantes-asaltan-sede-del-partido-comunista-en-cuba-por-apagones\">Milenio<\/a><\/p>\n","protected":false},"excerpt":{"rendered":"<p>Varias personas asaltaron en la medianoche de este s\u00e1bado una sede del Partido Comunista (\u00fanico) en en el centro de Cuba, como protesta por los prolongados apagones y la falta de alimentos, seg\u00fan inform\u00f3 un peri\u00f3dico oficial. Estos hechos ocurrieron cuando Cuba, con 9.6 millones de habitantes, enfrenta una fuerte crisis econ\u00f3mica, agravada por la [&hellip;]<\/p>\n","protected":false},"author":6,"featured_media":211677,"comment_status":"open","ping_status":"open","sticky":false,"template":"","format":"standard","meta":{"_monsterinsights_skip_tracking":false,"_monsterinsights_sitenote_active":false,"_monsterinsights_sitenote_note":"","_monsterinsights_sitenote_category":0,"footnotes":""},"categories":[181],"tags":[2501,33148],"class_list":["post-211676","post","type-post","status-publish","format-standard","has-post-thumbnail","hentry","category-internacional","tag-cuba","tag-partido-comunista","wp-image-borders"],"amp_enabled":true,"_links":{"self":[{"href":"https:\/\/nvnoticias.mx\/index.php\/wp-json\/wp\/v2\/posts\/211676","targetHints":{"allow":["GET"]}}],"collection":[{"href":"https:\/\/nvnoticias.mx\/index.php\/wp-json\/wp\/v2\/posts"}],"about":[{"href":"https:\/\/nvnoticias.mx\/index.php\/wp-json\/wp\/v2\/types\/post"}],"author":[{"embeddable":true,"href":"https:\/\/nvnoticias.mx\/index.php\/wp-json\/wp\/v2\/users\/6"}],"replies":[{"embeddable":true,"href":"https:\/\/nvnoticias.mx\/index.php\/wp-json\/wp\/v2\/comments?post=211676"}],"version-history":[{"count":1,"href":"https:\/\/nvnoticias.mx\/index.php\/wp-json\/wp\/v2\/posts\/211676\/revisions"}],"predecessor-version":[{"id":211678,"href":"https:\/\/nvnoticias.mx\/index.php\/wp-json\/wp\/v2\/posts\/211676\/revisions\/211678"}],"wp:featuredmedia":[{"embeddable":true,"href":"https:\/\/nvnoticias.mx\/index.php\/wp-json\/wp\/v2\/media\/211677"}],"wp:attachment":[{"href":"https:\/\/nvnoticias.mx\/index.php\/wp-json\/wp\/v2\/media?parent=211676"}],"wp:term":[{"taxonomy":"category","embeddable":true,"href":"https:\/\/nvnoticias.mx\/index.php\/wp-json\/wp\/v2\/categories?post=211676"},{"taxonomy":"post_tag","embeddable":true,"href":"https:\/\/nvnoticias.mx\/index.php\/wp-json\/wp\/v2\/tags?post=211676"}],"curies":[{"name":"wp","href":"https:\/\/api.w.org\/{rel}","templated":true}]}}