{"id":211654,"date":"2026-03-13T21:23:07","date_gmt":"2026-03-14T03:23:07","guid":{"rendered":"https:\/\/nvnoticias.mx\/?p=211654"},"modified":"2026-03-13T21:23:14","modified_gmt":"2026-03-14T03:23:14","slug":"regresa-el-futbol-profesional-al-pirata","status":"publish","type":"post","link":"https:\/\/nvnoticias.mx\/index.php\/2026\/03\/13\/regresa-el-futbol-profesional-al-pirata\/","title":{"rendered":"Regresa el futbol profesional al &#8216;Pirata&#8217;"},"content":{"rendered":"\n<p><\/p>\n\n\n\n<p>La espera parece haber llegado a su fin y el&nbsp;<strong>futbol profesional<\/strong>&nbsp;podr\u00eda volver al&nbsp;<strong>Estadio Luis &#8216;Pirata&#8217; Fuente<\/strong>&nbsp;tras varios a\u00f1os de ausencia. Esta vez no ser\u00eda en la&nbsp;<strong>Liga MX<\/strong>, sino en la&nbsp;<strong>Liga de Expansi\u00f3n MX<\/strong>.<\/p>\n\n\n\n<p>De acuerdo con versiones cercanas al balompi\u00e9 nacional, el emblem\u00e1tico estadio veracruzano volver\u00eda a abrir sus puertas para albergar partidos de la&nbsp;<strong>divisi\u00f3n de plata<\/strong>&nbsp;con un nuevo proyecto llamado&nbsp;<strong>Piratas de Veracruz<\/strong>, de cara a la&nbsp;<strong>temporada 2026-2027<\/strong>.<\/p>\n\n\n\n<p>Circula informaci\u00f3n de que la<strong>&nbsp;Federaci\u00f3n Mexicana de Futbol<\/strong>&nbsp;ya habr\u00eda comunicado a los clubes de la categor\u00eda algunos&nbsp;<strong>ajustes en la estructura de la competencia<\/strong>.<\/p>\n\n\n\n<p>De manera extraoficial, se menciona que el&nbsp;<strong>secretario general del organismo<\/strong>&nbsp;habr\u00eda informado esta decisi\u00f3n a los empresarios&nbsp;<strong>Jos\u00e9 Carlos Vives G\u00f3mez<\/strong>&nbsp;y&nbsp;<strong>Ren\u00e9 Vives G\u00f3mez<\/strong>, quienes estar\u00edan al frente de esta nueva etapa del conjunto veracruzano y del proyecto para devolverle protagonismo al&nbsp;<strong>\u201cPirata\u201d de la Fuente<\/strong>.<\/p>\n\n\n\n<p>De concretarse, el Estadio Luis &#8216;Pirata&#8217; Fuente pondr\u00eda fin a&nbsp;<strong>seis a\u00f1os sin futbol profesional<\/strong>. El objetivo ser\u00eda&nbsp;<strong>consolidar el proyecto en la Liga de Expansi\u00f3n<\/strong>&nbsp;y, cuando el sistema lo permita nuevamente,&nbsp;<strong>buscar el regreso a la Primera Divisi\u00f3n del futbol mexicano<\/strong>.<\/p>\n","protected":false},"excerpt":{"rendered":"<p>La espera parece haber llegado a su fin y el&nbsp;futbol profesional&nbsp;podr\u00eda volver al&nbsp;Estadio Luis &#8216;Pirata&#8217; Fuente&nbsp;tras varios a\u00f1os de ausencia. Esta vez no ser\u00eda en la&nbsp;Liga MX, sino en la&nbsp;Liga de Expansi\u00f3n MX. De acuerdo con versiones cercanas al balompi\u00e9 nacional, el emblem\u00e1tico estadio veracruzano volver\u00eda a abrir sus puertas para albergar partidos de la&nbsp;divisi\u00f3n [&hellip;]<\/p>\n","protected":false},"author":8,"featured_media":211655,"comment_status":"open","ping_status":"open","sticky":false,"template":"","format":"standard","meta":{"_monsterinsights_skip_tracking":false,"_monsterinsights_sitenote_active":false,"_monsterinsights_sitenote_note":"","_monsterinsights_sitenote_category":0,"footnotes":""},"categories":[159],"tags":[23060,33146],"class_list":["post-211654","post","type-post","status-publish","format-standard","has-post-thumbnail","hentry","category-deportes","tag-luis-pirata-fuente","tag-piratas-de-veracruz","wp-image-borders"],"amp_enabled":true,"_links":{"self":[{"href":"https:\/\/nvnoticias.mx\/index.php\/wp-json\/wp\/v2\/posts\/211654","targetHints":{"allow":["GET"]}}],"collection":[{"href":"https:\/\/nvnoticias.mx\/index.php\/wp-json\/wp\/v2\/posts"}],"about":[{"href":"https:\/\/nvnoticias.mx\/index.php\/wp-json\/wp\/v2\/types\/post"}],"author":[{"embeddable":true,"href":"https:\/\/nvnoticias.mx\/index.php\/wp-json\/wp\/v2\/users\/8"}],"replies":[{"embeddable":true,"href":"https:\/\/nvnoticias.mx\/index.php\/wp-json\/wp\/v2\/comments?post=211654"}],"version-history":[{"count":1,"href":"https:\/\/nvnoticias.mx\/index.php\/wp-json\/wp\/v2\/posts\/211654\/revisions"}],"predecessor-version":[{"id":211656,"href":"https:\/\/nvnoticias.mx\/index.php\/wp-json\/wp\/v2\/posts\/211654\/revisions\/211656"}],"wp:featuredmedia":[{"embeddable":true,"href":"https:\/\/nvnoticias.mx\/index.php\/wp-json\/wp\/v2\/media\/211655"}],"wp:attachment":[{"href":"https:\/\/nvnoticias.mx\/index.php\/wp-json\/wp\/v2\/media?parent=211654"}],"wp:term":[{"taxonomy":"category","embeddable":true,"href":"https:\/\/nvnoticias.mx\/index.php\/wp-json\/wp\/v2\/categories?post=211654"},{"taxonomy":"post_tag","embeddable":true,"href":"https:\/\/nvnoticias.mx\/index.php\/wp-json\/wp\/v2\/tags?post=211654"}],"curies":[{"name":"wp","href":"https:\/\/api.w.org\/{rel}","templated":true}]}}