{"id":211638,"date":"2026-03-13T12:29:06","date_gmt":"2026-03-13T18:29:06","guid":{"rendered":"https:\/\/nvnoticias.mx\/?p=211638"},"modified":"2026-03-13T12:29:14","modified_gmt":"2026-03-13T18:29:14","slug":"veracruz-tiene-desempleo-por-debajo-del-promedio-nacional-reporta-secretaria-del-trabajo","status":"publish","type":"post","link":"https:\/\/nvnoticias.mx\/index.php\/2026\/03\/13\/veracruz-tiene-desempleo-por-debajo-del-promedio-nacional-reporta-secretaria-del-trabajo\/","title":{"rendered":"Veracruz tiene desempleo por debajo del promedio nacional, reporta Secretar\u00eda del Trabajo"},"content":{"rendered":"\n<p><\/p>\n\n\n\n<p><strong>Sam Ojeda \/ NV Noticias<\/strong><\/p>\n\n\n\n<p>Xalapa.- La tasa de desocupaci\u00f3n en Veracruz se ubic\u00f3 en 1.9 por ciento, nivel inferior al promedio nacional que actualmente es de 2.5 por ciento, inform\u00f3 el secretario del Trabajo, Previsi\u00f3n Social y Productividad del estado, Luis Arturo Santiago.<\/p>\n\n\n\n<p>Con este indicador, la entidad se posiciona entre las que presentan menores niveles de desempleo en el pa\u00eds, de acuerdo con los datos reportados por la dependencia estatal.<\/p>\n\n\n\n<p>\u201cSomos el cuarto lugar a nivel nacional con menor tasa de desocupaci\u00f3n o desempleo\u201d.<\/p>\n\n\n\n<p>El funcionario explic\u00f3 que este porcentaje refleja que m\u00e1s del 98 por ciento de la poblaci\u00f3n econ\u00f3micamente activa en la entidad cuenta con alguna actividad laboral, situaci\u00f3n que atribuy\u00f3 tanto al desempe\u00f1o del mercado de trabajo como a la llegada de inversiones.<\/p>\n\n\n\n<p>\u201cEso da como consecuencia un Veracruz con gente trabajadora comprometida y responsable que busca el bienestar de sus familias\u201d.<\/p>\n\n\n\n<p>Santiago se\u00f1al\u00f3 que, como parte de la estrategia para ampliar las oportunidades laborales, se impulsa la organizaci\u00f3n de ferias municipales del empleo, con el objetivo de acercar vacantes a quienes buscan trabajo.<\/p>\n\n\n\n<p>\u201cEsperemos se replique en muchos municipios la feria municipal del empleo en colaboraci\u00f3n con la Secretar\u00eda del Trabajo para que ampliemos la oferta permanente, constante y p\u00fablica a la gente que necesita trabajo\u201d.<\/p>\n\n\n\n<p>El titular de la Secretar\u00eda del Trabajo reconoci\u00f3 que la informalidad laboral contin\u00faa siendo uno de los principales retos en la entidad, aunque afirm\u00f3 que en los \u00faltimos a\u00f1os se ha observado una reducci\u00f3n en este indicador.<\/p>\n\n\n\n<p>\u201cHemos ido disminuyendo la tasa de un 2% aproximadamente con respecto a los anteriores\u201d.<\/p>\n\n\n\n<p><\/p>\n","protected":false},"excerpt":{"rendered":"<p>Sam Ojeda \/ NV Noticias Xalapa.- La tasa de desocupaci\u00f3n en Veracruz se ubic\u00f3 en 1.9 por ciento, nivel inferior al promedio nacional que actualmente es de 2.5 por ciento, inform\u00f3 el secretario del Trabajo, Previsi\u00f3n Social y Productividad del estado, Luis Arturo Santiago. Con este indicador, la entidad se posiciona entre las que presentan [&hellip;]<\/p>\n","protected":false},"author":8,"featured_media":68477,"comment_status":"open","ping_status":"open","sticky":false,"template":"","format":"standard","meta":{"_monsterinsights_skip_tracking":false,"_monsterinsights_sitenote_active":false,"_monsterinsights_sitenote_note":"","_monsterinsights_sitenote_category":0,"footnotes":""},"categories":[156],"tags":[1015,180],"class_list":["post-211638","post","type-post","status-publish","format-standard","has-post-thumbnail","hentry","category-estado","tag-desempleo","tag-veracruz","wp-image-borders"],"amp_enabled":true,"_links":{"self":[{"href":"https:\/\/nvnoticias.mx\/index.php\/wp-json\/wp\/v2\/posts\/211638","targetHints":{"allow":["GET"]}}],"collection":[{"href":"https:\/\/nvnoticias.mx\/index.php\/wp-json\/wp\/v2\/posts"}],"about":[{"href":"https:\/\/nvnoticias.mx\/index.php\/wp-json\/wp\/v2\/types\/post"}],"author":[{"embeddable":true,"href":"https:\/\/nvnoticias.mx\/index.php\/wp-json\/wp\/v2\/users\/8"}],"replies":[{"embeddable":true,"href":"https:\/\/nvnoticias.mx\/index.php\/wp-json\/wp\/v2\/comments?post=211638"}],"version-history":[{"count":1,"href":"https:\/\/nvnoticias.mx\/index.php\/wp-json\/wp\/v2\/posts\/211638\/revisions"}],"predecessor-version":[{"id":211639,"href":"https:\/\/nvnoticias.mx\/index.php\/wp-json\/wp\/v2\/posts\/211638\/revisions\/211639"}],"wp:featuredmedia":[{"embeddable":true,"href":"https:\/\/nvnoticias.mx\/index.php\/wp-json\/wp\/v2\/media\/68477"}],"wp:attachment":[{"href":"https:\/\/nvnoticias.mx\/index.php\/wp-json\/wp\/v2\/media?parent=211638"}],"wp:term":[{"taxonomy":"category","embeddable":true,"href":"https:\/\/nvnoticias.mx\/index.php\/wp-json\/wp\/v2\/categories?post=211638"},{"taxonomy":"post_tag","embeddable":true,"href":"https:\/\/nvnoticias.mx\/index.php\/wp-json\/wp\/v2\/tags?post=211638"}],"curies":[{"name":"wp","href":"https:\/\/api.w.org\/{rel}","templated":true}]}}