{"id":211625,"date":"2026-03-13T11:48:46","date_gmt":"2026-03-13T17:48:46","guid":{"rendered":"https:\/\/nvnoticias.mx\/?p=211625"},"modified":"2026-03-13T11:48:53","modified_gmt":"2026-03-13T17:48:53","slug":"lula-revoca-visa-de-diplomatico-de-eu-que-queria-visitar-a-bolsonaro","status":"publish","type":"post","link":"https:\/\/nvnoticias.mx\/index.php\/2026\/03\/13\/lula-revoca-visa-de-diplomatico-de-eu-que-queria-visitar-a-bolsonaro\/","title":{"rendered":"Lula revoca visa de diplom\u00e1tico de EU que quer\u00eda visitar a Bolsonaro"},"content":{"rendered":"\n<p>El presidente brasile\u00f1o, Luiz In\u00e1cio Lula da Silva, anunci\u00f3 este viernes que &#8220;prohibi\u00f3&#8221; la entrada a Brasil de un alto diplom\u00e1tico estadunidense que hab\u00eda pedido visitar en la c\u00e1rcel al ex mandatario Jair Bolsonaro, preso por golpismo.<\/p>\n\n\n\n<p>Una fuente diplom\u00e1tica brasile\u00f1a confirm\u00f3 a la&nbsp;<em>Afp<\/em>&nbsp;que la visa de Darren Beattie, consejero sobre Brasil del Departamento de Estado de la administraci\u00f3n Trump, fue revocada este viernes por &#8220;mentiras sobre el prop\u00f3sito de la visita&#8221;.<\/p>\n\n\n\n<p>&#8220;Le prohib\u00ed venir a Brasil&#8221;, dijo Lula durante un acto en R\u00edo de Janeiro.<\/p>\n\n\n\n<p>La corte suprema le hab\u00eda negado el jueves un permiso para visitar a Bolsonaro.<\/p>\n\n\n\n<p>Fuente: La <a href=\"https:\/\/www.jornada.com.mx\/noticia\/2026\/03\/13\/mundo\/lula-revoca-visa-de-diplomatico-de-eu-que-queria-visitar-a-bolsonaro\">j<\/a> <\/p>\n","protected":false},"excerpt":{"rendered":"<p>El presidente brasile\u00f1o, Luiz In\u00e1cio Lula da Silva, anunci\u00f3 este viernes que &#8220;prohibi\u00f3&#8221; la entrada a Brasil de un alto diplom\u00e1tico estadunidense que hab\u00eda pedido visitar en la c\u00e1rcel al ex mandatario Jair Bolsonaro, preso por golpismo. Una fuente diplom\u00e1tica brasile\u00f1a confirm\u00f3 a la&nbsp;Afp&nbsp;que la visa de Darren Beattie, consejero sobre Brasil del Departamento de [&hellip;]<\/p>\n","protected":false},"author":35,"featured_media":211626,"comment_status":"open","ping_status":"open","sticky":false,"template":"","format":"standard","meta":{"_monsterinsights_skip_tracking":false,"_monsterinsights_sitenote_active":false,"_monsterinsights_sitenote_note":"","_monsterinsights_sitenote_category":0,"footnotes":""},"categories":[181],"tags":[183,7272],"class_list":["post-211625","post","type-post","status-publish","format-standard","has-post-thumbnail","hentry","category-internacional","tag-estados-unidos","tag-lula-da-silva","wp-image-borders"],"amp_enabled":true,"_links":{"self":[{"href":"https:\/\/nvnoticias.mx\/index.php\/wp-json\/wp\/v2\/posts\/211625","targetHints":{"allow":["GET"]}}],"collection":[{"href":"https:\/\/nvnoticias.mx\/index.php\/wp-json\/wp\/v2\/posts"}],"about":[{"href":"https:\/\/nvnoticias.mx\/index.php\/wp-json\/wp\/v2\/types\/post"}],"author":[{"embeddable":true,"href":"https:\/\/nvnoticias.mx\/index.php\/wp-json\/wp\/v2\/users\/35"}],"replies":[{"embeddable":true,"href":"https:\/\/nvnoticias.mx\/index.php\/wp-json\/wp\/v2\/comments?post=211625"}],"version-history":[{"count":2,"href":"https:\/\/nvnoticias.mx\/index.php\/wp-json\/wp\/v2\/posts\/211625\/revisions"}],"predecessor-version":[{"id":211628,"href":"https:\/\/nvnoticias.mx\/index.php\/wp-json\/wp\/v2\/posts\/211625\/revisions\/211628"}],"wp:featuredmedia":[{"embeddable":true,"href":"https:\/\/nvnoticias.mx\/index.php\/wp-json\/wp\/v2\/media\/211626"}],"wp:attachment":[{"href":"https:\/\/nvnoticias.mx\/index.php\/wp-json\/wp\/v2\/media?parent=211625"}],"wp:term":[{"taxonomy":"category","embeddable":true,"href":"https:\/\/nvnoticias.mx\/index.php\/wp-json\/wp\/v2\/categories?post=211625"},{"taxonomy":"post_tag","embeddable":true,"href":"https:\/\/nvnoticias.mx\/index.php\/wp-json\/wp\/v2\/tags?post=211625"}],"curies":[{"name":"wp","href":"https:\/\/api.w.org\/{rel}","templated":true}]}}