{"id":211614,"date":"2026-03-13T10:45:42","date_gmt":"2026-03-13T16:45:42","guid":{"rendered":"https:\/\/nvnoticias.mx\/?p=211614"},"modified":"2026-03-13T10:45:50","modified_gmt":"2026-03-13T16:45:50","slug":"al-menos-un-muerto-tras-bombardeo-de-eu-e-israel-durante-marcha-en-teheran","status":"publish","type":"post","link":"https:\/\/nvnoticias.mx\/index.php\/2026\/03\/13\/al-menos-un-muerto-tras-bombardeo-de-eu-e-israel-durante-marcha-en-teheran\/","title":{"rendered":"Al menos un muerto tras bombardeo de EU e Israel durante marcha en Teher\u00e1n"},"content":{"rendered":"\n<p>Al menos una persona perdi\u00f3 la vida a causa de un ataque a\u00e9reo de Estados Unidos e Israel durante una manifestaci\u00f3n masiva en apoyo de Palestina que se celebra este viernes en Teher\u00e1n, inform\u00f3 el canal televisivo Press TV.<\/p>\n\n\n\n<p>En una publicaci\u00f3n en X, la agencia oficial de noticias IRNA indic\u00f3 que la v\u00edctima mortal, una mujer, falleci\u00f3 &#8220;en el bombardeo&#8221;, perpetrado por Israel y Estados Unidos, durante la marcha conmemorativa del D\u00eda Internacional de Al Quds, un evento anual que expresa apoyo a los palestinos y condena las acciones israel\u00edes.<\/p>\n\n\n\n<p>A pesar de lo ocurrido, los manifestantes continuaron la marcha con motivo del D\u00eda de Jerusal\u00e9n, que se celebra anualmente el \u00faltimo viernes del mes de ramad\u00e1n en Ir\u00e1n y otros pa\u00edses del mundo.<\/p>\n\n\n\n<p>El D\u00eda de Al Quds fue instituido por el l\u00edder de la Revoluci\u00f3n Isl\u00e1mica de Ir\u00e1n de 1979, el im\u00e1n Ruhollah Jomeini (1902-1989).<\/p>\n\n\n\n<p>Los manifestantes corean consignas antiestadunidenses y antisrael\u00edes, portando banderas nacionales y palestinas, as\u00ed como retratos del reci\u00e9n asesinado l\u00edder supremo, Al\u00ed Jamenei (1939-2026).<\/p>\n\n\n\n<p>El secretario del Consejo Supremo de Seguridad Nacional de Ir\u00e1n, Al\u00ed Lariyan\u00ed, conden\u00f3 en t\u00e9rminos en\u00e9rgicos el ataque en Teher\u00e1n.<\/p>\n\n\n\n<p>&#8220;Los ataques del r\u00e9gimen contra la marcha demuestran que se encuentra en una situaci\u00f3n de extrema necesidad y miedo. Quien es fuerte no bombardea las manifestaciones. Es evidente que no puede hacer frente a la situaci\u00f3n&#8221;, dijo Lariyan\u00ed, citado por la agencia&nbsp;<em>ISNA<\/em>.<\/p>\n\n\n\n<p>Desde el 28 de febrero, Israel y Estados Unidos no dejan de lanzar ataques a Ir\u00e1n para degradar sus capacidades militares y desmantelar el gobierno de los ayatol\u00e1s. El pa\u00eds responde a la ofensiva con golpes de represalia contra Israel y las bases militares de Washington emplazadas en diversos pa\u00edses de Medio Oriente.<\/p>\n\n\n\n<p>Fuente: La <a href=\"https:\/\/www.jornada.com.mx\/noticia\/2026\/03\/13\/mundo\/al-menos-un-muerto-tras-bombardeo-de-eu-e-israel-durante-marcha-en-teheran\">Jornada<\/a> <\/p>\n","protected":false},"excerpt":{"rendered":"<p>Al menos una persona perdi\u00f3 la vida a causa de un ataque a\u00e9reo de Estados Unidos e Israel durante una manifestaci\u00f3n masiva en apoyo de Palestina que se celebra este viernes en Teher\u00e1n, inform\u00f3 el canal televisivo Press TV. En una publicaci\u00f3n en X, la agencia oficial de noticias IRNA indic\u00f3 que la v\u00edctima mortal, [&hellip;]<\/p>\n","protected":false},"author":35,"featured_media":211616,"comment_status":"open","ping_status":"open","sticky":false,"template":"","format":"standard","meta":{"_monsterinsights_skip_tracking":false,"_monsterinsights_sitenote_active":false,"_monsterinsights_sitenote_note":"","_monsterinsights_sitenote_category":0,"footnotes":""},"categories":[181],"tags":[183,3337],"class_list":["post-211614","post","type-post","status-publish","format-standard","has-post-thumbnail","hentry","category-internacional","tag-estados-unidos","tag-israel","wp-image-borders"],"amp_enabled":true,"_links":{"self":[{"href":"https:\/\/nvnoticias.mx\/index.php\/wp-json\/wp\/v2\/posts\/211614","targetHints":{"allow":["GET"]}}],"collection":[{"href":"https:\/\/nvnoticias.mx\/index.php\/wp-json\/wp\/v2\/posts"}],"about":[{"href":"https:\/\/nvnoticias.mx\/index.php\/wp-json\/wp\/v2\/types\/post"}],"author":[{"embeddable":true,"href":"https:\/\/nvnoticias.mx\/index.php\/wp-json\/wp\/v2\/users\/35"}],"replies":[{"embeddable":true,"href":"https:\/\/nvnoticias.mx\/index.php\/wp-json\/wp\/v2\/comments?post=211614"}],"version-history":[{"count":4,"href":"https:\/\/nvnoticias.mx\/index.php\/wp-json\/wp\/v2\/posts\/211614\/revisions"}],"predecessor-version":[{"id":211619,"href":"https:\/\/nvnoticias.mx\/index.php\/wp-json\/wp\/v2\/posts\/211614\/revisions\/211619"}],"wp:featuredmedia":[{"embeddable":true,"href":"https:\/\/nvnoticias.mx\/index.php\/wp-json\/wp\/v2\/media\/211616"}],"wp:attachment":[{"href":"https:\/\/nvnoticias.mx\/index.php\/wp-json\/wp\/v2\/media?parent=211614"}],"wp:term":[{"taxonomy":"category","embeddable":true,"href":"https:\/\/nvnoticias.mx\/index.php\/wp-json\/wp\/v2\/categories?post=211614"},{"taxonomy":"post_tag","embeddable":true,"href":"https:\/\/nvnoticias.mx\/index.php\/wp-json\/wp\/v2\/tags?post=211614"}],"curies":[{"name":"wp","href":"https:\/\/api.w.org\/{rel}","templated":true}]}}