{"id":211603,"date":"2026-03-13T10:37:24","date_gmt":"2026-03-13T16:37:24","guid":{"rendered":"https:\/\/nvnoticias.mx\/?p=211603"},"modified":"2026-03-13T10:37:33","modified_gmt":"2026-03-13T16:37:33","slug":"llega-tercer-cargamento-con-ayuda-humanitaria-desde-mexico-a-cuba","status":"publish","type":"post","link":"https:\/\/nvnoticias.mx\/index.php\/2026\/03\/13\/llega-tercer-cargamento-con-ayuda-humanitaria-desde-mexico-a-cuba\/","title":{"rendered":"Llega tercer cargamento con ayuda humanitaria desde M\u00e9xico a Cuba"},"content":{"rendered":"\n<p>Un nuevo cargamento con ayuda humanitaria enviado por M\u00e9xico lleg\u00f3 este viernes a La Habana, inform\u00f3 el embajador de Cuba en el pa\u00eds, Eugenio Mart\u00ednez Enr\u00edquez, quien destac\u00f3 el reconocimiento del presidente cubano, Miguel D\u00edaz-Canel, a la presidenta Claudia Sheinbaum.<\/p>\n\n\n\n<p>Previo a ello, ha habido otros dos viajes en buques de la Armada de M\u00e9xico con alimentos, medicinas, productos de higiene y otros de primera necesidad, donados por el gobierno y el pueblo de M\u00e9xico.<\/p>\n\n\n\n<p>De este tercer env\u00edo dio cuenta esta ma\u00f1ana el embajador Mart\u00ednez Enr\u00edquez en sus redes sociales.<\/p>\n\n\n\n<p>\u201cArribaron hoy a La Habana, Cuba, barcos de la Marina con ayuda del gobierno y el pueblo de M\u00e9xico\u201d.<\/p>\n\n\n\n<p>Agreg\u00f3: \u201cHace apenas unos minutos el presidente de Cuba reconoci\u00f3 a M\u00e9xico como el pa\u00eds que se ha destacado por apoyar a Cuba en actuales circunstancias y reconoci\u00f3 a su presidenta (Claudia Sheinbaum)\u201d, poste\u00f3 el diplom\u00e1tico.<\/p>\n\n\n\n<p>M\u00e9xico es el pa\u00eds que m\u00e1s ayuda ha hecho llegar Cuba durante la actual crisis en la isla, por la decisi\u00f3n de Estados Unidos de cerrar el bloqueo econ\u00f3mico, al impedir que llegue petr\u00f3leo y otros combustibles a la isla.<\/p>\n\n\n\n<p>Fuente: La <a href=\"https:\/\/www.jornada.com.mx\/noticia\/2026\/03\/13\/politica\/llega-tercer-cargamento-con-ayuda-humanitaria-desde-mexico-a-cuba\">Jornada<\/a> <\/p>\n","protected":false},"excerpt":{"rendered":"<p>Un nuevo cargamento con ayuda humanitaria enviado por M\u00e9xico lleg\u00f3 este viernes a La Habana, inform\u00f3 el embajador de Cuba en el pa\u00eds, Eugenio Mart\u00ednez Enr\u00edquez, quien destac\u00f3 el reconocimiento del presidente cubano, Miguel D\u00edaz-Canel, a la presidenta Claudia Sheinbaum. Previo a ello, ha habido otros dos viajes en buques de la Armada de M\u00e9xico [&hellip;]<\/p>\n","protected":false},"author":35,"featured_media":211607,"comment_status":"open","ping_status":"open","sticky":false,"template":"","format":"standard","meta":{"_monsterinsights_skip_tracking":false,"_monsterinsights_sitenote_active":false,"_monsterinsights_sitenote_note":"","_monsterinsights_sitenote_category":0,"footnotes":""},"categories":[157],"tags":[2501,292,162],"class_list":["post-211603","post","type-post","status-publish","format-standard","has-post-thumbnail","hentry","category-nacional","tag-cuba","tag-mexico","tag-portada","wp-image-borders"],"amp_enabled":true,"_links":{"self":[{"href":"https:\/\/nvnoticias.mx\/index.php\/wp-json\/wp\/v2\/posts\/211603","targetHints":{"allow":["GET"]}}],"collection":[{"href":"https:\/\/nvnoticias.mx\/index.php\/wp-json\/wp\/v2\/posts"}],"about":[{"href":"https:\/\/nvnoticias.mx\/index.php\/wp-json\/wp\/v2\/types\/post"}],"author":[{"embeddable":true,"href":"https:\/\/nvnoticias.mx\/index.php\/wp-json\/wp\/v2\/users\/35"}],"replies":[{"embeddable":true,"href":"https:\/\/nvnoticias.mx\/index.php\/wp-json\/wp\/v2\/comments?post=211603"}],"version-history":[{"count":3,"href":"https:\/\/nvnoticias.mx\/index.php\/wp-json\/wp\/v2\/posts\/211603\/revisions"}],"predecessor-version":[{"id":211609,"href":"https:\/\/nvnoticias.mx\/index.php\/wp-json\/wp\/v2\/posts\/211603\/revisions\/211609"}],"wp:featuredmedia":[{"embeddable":true,"href":"https:\/\/nvnoticias.mx\/index.php\/wp-json\/wp\/v2\/media\/211607"}],"wp:attachment":[{"href":"https:\/\/nvnoticias.mx\/index.php\/wp-json\/wp\/v2\/media?parent=211603"}],"wp:term":[{"taxonomy":"category","embeddable":true,"href":"https:\/\/nvnoticias.mx\/index.php\/wp-json\/wp\/v2\/categories?post=211603"},{"taxonomy":"post_tag","embeddable":true,"href":"https:\/\/nvnoticias.mx\/index.php\/wp-json\/wp\/v2\/tags?post=211603"}],"curies":[{"name":"wp","href":"https:\/\/api.w.org\/{rel}","templated":true}]}}