{"id":21158,"date":"2021-08-13T10:16:57","date_gmt":"2021-08-13T15:16:57","guid":{"rendered":"https:\/\/nvnoticias.mx\/?p=21158"},"modified":"2021-08-13T10:16:59","modified_gmt":"2021-08-13T15:16:59","slug":"venom-2-aplaza-fecha-por-tercera-ola-de-covid-19","status":"publish","type":"post","link":"https:\/\/nvnoticias.mx\/index.php\/2021\/08\/13\/venom-2-aplaza-fecha-por-tercera-ola-de-covid-19\/","title":{"rendered":"&#8216;Venom 2&#8217; aplaza fecha por tercera ola de Covid-19"},"content":{"rendered":"\n<p>La cinta estaba planeada llegar a las salas el 24 de septiembre, pero se cambi\u00f3 por la tercera ola de contagio del Covid-19. <\/p>\n\n\n\n<p>La pel\u00edcula&nbsp;<strong>&#8220;<\/strong>Venom: Let There Be Carnage&#8221;, que es la secuela de la exitosa &#8220;Venom&#8221; (2018), aplaz\u00f3 este jueves su estreno del 24 de septiembre al 15 de octubre, un primer aviso de que los retrasos en Hollywood podr\u00edan volver por culpa de la variante delta del Covid-19.&nbsp;<\/p>\n\n\n\n<p>El aumento de los casos de coronavirus en<strong>&nbsp;<\/strong>Estados Unidos&nbsp;y el inconsistente rendimiento de los cines a lo largo del verano han sembrado dudas en&nbsp;Hollywood,&nbsp;que, tras un 2020 de salas cerradas durante meses, confiaba en remontar en 2021.&nbsp;<\/p>\n\n\n\n<p>&#8220;Venom: Let There Be Carnage&#8221; fue una de las numerosas superproducciones que se ten\u00edan que haber estrenado el a\u00f1o pasado pero que aplazaron su lanzamiento hasta que la pandemia estuviera m\u00e1s controlada y hasta que aumentara el porcentaje de poblaci\u00f3n vacunada.&nbsp;<\/p>\n\n\n\n<p> Sin embargo, el repunte de casos por culpa de la variante delta podr\u00eda arruinar los planes de recuperaci\u00f3n de la industria del cine y alterar, una vez m\u00e1s, el calendario de estrenos.&nbsp;<\/p>\n\n\n\n<p>Fuente: El universal<\/p>\n","protected":false},"excerpt":{"rendered":"<p>La cinta estaba planeada llegar a las salas el 24 de septiembre, pero se cambi\u00f3 por la tercera ola de contagio del Covid-19. La pel\u00edcula&nbsp;&#8220;Venom: Let There Be Carnage&#8221;, que es la secuela de la exitosa &#8220;Venom&#8221; (2018), aplaz\u00f3 este jueves su estreno del 24 de septiembre al 15 de octubre, un primer aviso de [&hellip;]<\/p>\n","protected":false},"author":35,"featured_media":21167,"comment_status":"open","ping_status":"open","sticky":false,"template":"","format":"standard","meta":{"_monsterinsights_skip_tracking":false,"_monsterinsights_sitenote_active":false,"_monsterinsights_sitenote_note":"","_monsterinsights_sitenote_category":0,"footnotes":""},"categories":[576],"tags":[175,3588,3591,3590],"class_list":["post-21158","post","type-post","status-publish","format-standard","has-post-thumbnail","hentry","category-ocio","tag-covid-19","tag-venom","tag-venom-carnage-liberado","tag-venom-let-the-be-carnage","wp-image-borders"],"amp_enabled":true,"_links":{"self":[{"href":"https:\/\/nvnoticias.mx\/index.php\/wp-json\/wp\/v2\/posts\/21158","targetHints":{"allow":["GET"]}}],"collection":[{"href":"https:\/\/nvnoticias.mx\/index.php\/wp-json\/wp\/v2\/posts"}],"about":[{"href":"https:\/\/nvnoticias.mx\/index.php\/wp-json\/wp\/v2\/types\/post"}],"author":[{"embeddable":true,"href":"https:\/\/nvnoticias.mx\/index.php\/wp-json\/wp\/v2\/users\/35"}],"replies":[{"embeddable":true,"href":"https:\/\/nvnoticias.mx\/index.php\/wp-json\/wp\/v2\/comments?post=21158"}],"version-history":[{"count":6,"href":"https:\/\/nvnoticias.mx\/index.php\/wp-json\/wp\/v2\/posts\/21158\/revisions"}],"predecessor-version":[{"id":21168,"href":"https:\/\/nvnoticias.mx\/index.php\/wp-json\/wp\/v2\/posts\/21158\/revisions\/21168"}],"wp:featuredmedia":[{"embeddable":true,"href":"https:\/\/nvnoticias.mx\/index.php\/wp-json\/wp\/v2\/media\/21167"}],"wp:attachment":[{"href":"https:\/\/nvnoticias.mx\/index.php\/wp-json\/wp\/v2\/media?parent=21158"}],"wp:term":[{"taxonomy":"category","embeddable":true,"href":"https:\/\/nvnoticias.mx\/index.php\/wp-json\/wp\/v2\/categories?post=21158"},{"taxonomy":"post_tag","embeddable":true,"href":"https:\/\/nvnoticias.mx\/index.php\/wp-json\/wp\/v2\/tags?post=21158"}],"curies":[{"name":"wp","href":"https:\/\/api.w.org\/{rel}","templated":true}]}}