{"id":211578,"date":"2026-03-13T10:27:27","date_gmt":"2026-03-13T16:27:27","guid":{"rendered":"https:\/\/nvnoticias.mx\/?p=211578"},"modified":"2026-03-13T10:27:35","modified_gmt":"2026-03-13T16:27:35","slug":"mexico-colombia-y-brasil-llaman-al-cese-al-fuego-inmediato-en-medio-oriente","status":"publish","type":"post","link":"https:\/\/nvnoticias.mx\/index.php\/2026\/03\/13\/mexico-colombia-y-brasil-llaman-al-cese-al-fuego-inmediato-en-medio-oriente\/","title":{"rendered":"M\u00e9xico, Colombia y Brasil llaman al cese al fuego inmediato en Medio Oriente"},"content":{"rendered":"\n<p>La presidenta Claudia Sheinbaum Pardo dio a conocer este viernes un llamado conjunto de M\u00e9xico, Colombia y Brasil para que se declare un cese al fuego inmediato en el actual conflicto en Medio Oriente y se privilegien las v\u00edas diplom\u00e1ticas para resolver las diferencias entre los Estados. En su conferencia de prensa matutina en la Sexta Regi\u00f3n Naval de Manzanillo, la mandataria ley\u00f3 un comunicado emitido este mismo d\u00eda por la Secretar\u00eda de Relaciones Exteriores (SRE).<\/p>\n\n\n\n<p>Explic\u00f3 que la iniciativa surgi\u00f3 a partir de una propuesta del presidente de Colombia, Gustavo Petro, quien convoc\u00f3 a varios pa\u00edses de Am\u00e9rica Latina e incluso de Europa a sumarse a un pronunciamiento en favor de la paz.<\/p>\n\n\n\n<p>\u201cFue una iniciativa del presidente Petro, que invit\u00f3 a varios pa\u00edses de Am\u00e9rica Latina e incluso de Europa para hacer un llamado a la paz y a un alto al fuego, y a que se utilicen las v\u00edas diplom\u00e1ticas para solucionar el conflicto actual, que no solamente afecta al Medio Oriente, sino que por las caracter\u00edsticas de la zona afecta a todo el mundo\u201d, se\u00f1al\u00f3.<\/p>\n\n\n\n<p>La mandataria subray\u00f3 que la crisis ya tiene repercusiones econ\u00f3micas globales, particularmente en el precio del petr\u00f3leo.<\/p>\n\n\n\n<p>\u201cEl precio del petr\u00f3leo regres\u00f3 ayer a 100 d\u00f3lares el barril. Entonces, pa\u00edses que no tienen petr\u00f3leo, por ejemplo, pues el aumento en la gasolina es muy alto respecto a toda la poblaci\u00f3n\u201d, coment\u00f3.<\/p>\n\n\n\n<p>Ante ello, consider\u00f3 relevante que desde Am\u00e9rica Latina se impulse una postura com\u00fan orientada a la paz.<\/p>\n\n\n\n<p>En la conferencia, la presidenta dio lectura al posicionamiento conjunto emitido por los gobiernos de M\u00e9xico, Colombia y Brasil, en el que se enfatiza la necesidad de privilegiar la diplomacia para resolver controversias internacionales.<\/p>\n\n\n\n<p>\u201cLos Estados Unidos Mexicanos, la Rep\u00fablica de Colombia y la Rep\u00fablica Federativa de Brasil reiteran la necesidad de que las diferencias entre Estados se resuelvan mediante la diplomacia internacional, en consonancia con los principios de la soluci\u00f3n pac\u00edfica de las controversias\u201d, se\u00f1ala el documento.<\/p>\n\n\n\n<p>El comunicado a\u00f1ade que, frente al actual escenario en Medio Oriente, resulta urgente detener las hostilidades para abrir paso al di\u00e1logo.<\/p>\n\n\n\n<p>\u201cEn este sentido, consideramos indispensable que en el actual conflicto en Medio Oriente se declare un cese al fuego inmediato, para abrir espacios efectivos al di\u00e1logo y la negociaci\u00f3n\u201d, indica el pronunciamiento.<\/p>\n\n\n\n<p>Asimismo, los tres pa\u00edses manifestaron su disposici\u00f3n para contribuir a eventuales procesos de paz que permitan una salida pol\u00edtica al conflicto.<\/p>\n\n\n\n<p>\u201cExpresamos nuestra disposici\u00f3n de contribuir a los procesos de paz que generen confianza, para avanzar hacia una salida pol\u00edtica y negociada del conflicto\u201d, agrega el documento.<\/p>\n\n\n\n<p>Sheinbaum Pardo destac\u00f3 que este posicionamiento est\u00e1 alineado con los principios de la pol\u00edtica exterior mexicana y con la tradici\u00f3n latinoamericana de promover la paz.<\/p>\n\n\n\n<p>\u201cEs muy importante, creo, que desde Am\u00e9rica Latina, que es una regi\u00f3n de paz, se haga este llamado\u201d, se\u00f1al\u00f3. Record\u00f3 que recientemente se conmemor\u00f3 el aniversario de los Tratados de Tlatelolco, que establecieron a la regi\u00f3n como una zona libre de armas nucleares.<\/p>\n\n\n\n<p>\u201cEn este marco, este comunicado es muy importante\u201d, sostuvo.<\/p>\n\n\n\n<p>Fuente: <a href=\"https:\/\/www.jornada.com.mx\/noticia\/2026\/03\/13\/politica\/mexico-colombia-y-brasil-llaman-al-cese-al-fuego-inmediato-en-medio-oriente\">La Jornada<\/a> <\/p>\n","protected":false},"excerpt":{"rendered":"<p>La presidenta Claudia Sheinbaum Pardo dio a conocer este viernes un llamado conjunto de M\u00e9xico, Colombia y Brasil para que se declare un cese al fuego inmediato en el actual conflicto en Medio Oriente y se privilegien las v\u00edas diplom\u00e1ticas para resolver las diferencias entre los Estados. En su conferencia de prensa matutina en la [&hellip;]<\/p>\n","protected":false},"author":35,"featured_media":211587,"comment_status":"open","ping_status":"open","sticky":false,"template":"","format":"standard","meta":{"_monsterinsights_skip_tracking":false,"_monsterinsights_sitenote_active":false,"_monsterinsights_sitenote_note":"","_monsterinsights_sitenote_category":0,"footnotes":""},"categories":[181],"tags":[1976,207,17156,292,162],"class_list":["post-211578","post","type-post","status-publish","format-standard","has-post-thumbnail","hentry","category-internacional","tag-brasil","tag-colombia","tag-medio-oriente","tag-mexico","tag-portada","wp-image-borders"],"amp_enabled":true,"_links":{"self":[{"href":"https:\/\/nvnoticias.mx\/index.php\/wp-json\/wp\/v2\/posts\/211578","targetHints":{"allow":["GET"]}}],"collection":[{"href":"https:\/\/nvnoticias.mx\/index.php\/wp-json\/wp\/v2\/posts"}],"about":[{"href":"https:\/\/nvnoticias.mx\/index.php\/wp-json\/wp\/v2\/types\/post"}],"author":[{"embeddable":true,"href":"https:\/\/nvnoticias.mx\/index.php\/wp-json\/wp\/v2\/users\/35"}],"replies":[{"embeddable":true,"href":"https:\/\/nvnoticias.mx\/index.php\/wp-json\/wp\/v2\/comments?post=211578"}],"version-history":[{"count":3,"href":"https:\/\/nvnoticias.mx\/index.php\/wp-json\/wp\/v2\/posts\/211578\/revisions"}],"predecessor-version":[{"id":211590,"href":"https:\/\/nvnoticias.mx\/index.php\/wp-json\/wp\/v2\/posts\/211578\/revisions\/211590"}],"wp:featuredmedia":[{"embeddable":true,"href":"https:\/\/nvnoticias.mx\/index.php\/wp-json\/wp\/v2\/media\/211587"}],"wp:attachment":[{"href":"https:\/\/nvnoticias.mx\/index.php\/wp-json\/wp\/v2\/media?parent=211578"}],"wp:term":[{"taxonomy":"category","embeddable":true,"href":"https:\/\/nvnoticias.mx\/index.php\/wp-json\/wp\/v2\/categories?post=211578"},{"taxonomy":"post_tag","embeddable":true,"href":"https:\/\/nvnoticias.mx\/index.php\/wp-json\/wp\/v2\/tags?post=211578"}],"curies":[{"name":"wp","href":"https:\/\/api.w.org\/{rel}","templated":true}]}}