{"id":211558,"date":"2026-03-12T14:10:11","date_gmt":"2026-03-12T20:10:11","guid":{"rendered":"https:\/\/nvnoticias.mx\/?p=211558"},"modified":"2026-03-12T14:10:19","modified_gmt":"2026-03-12T20:10:19","slug":"sheinbaum-niega-que-haya-instruido-captura-de-el-mencho","status":"publish","type":"post","link":"https:\/\/nvnoticias.mx\/index.php\/2026\/03\/12\/sheinbaum-niega-que-haya-instruido-captura-de-el-mencho\/","title":{"rendered":"Sheinbaum niega que haya instruido captura de &#8216;El Mencho&#8217;"},"content":{"rendered":"\n<p>La presidenta Claudia Sheinbaum rechaz\u00f3 que ella haya dado la instrucci\u00f3n de detener al narcotraficante, Nemesio Oseguera&nbsp;<em>El Mencho<\/em>, sino que este sujeto ten\u00eda diversas \u00f3rdenes de aprehensi\u00f3n derivadas de varias carpetas de investigaci\u00f3n iniciadas por la Fiscal\u00eda General de la Rep\u00fablica por lo que, dada la peligrosidad de este personaje intervino la Secretar\u00eda de la Defensa Nacional.&nbsp;<\/p>\n\n\n\n<p>A pregunta expresa sobre las circunstancias en que fue abatido Oseguera y cu\u00e1ndo se determin\u00f3 detenerlo, dijo que en este&nbsp;caso \u201cno es un asunto de qui\u00e9n dio la orden\u201d. Mencion\u00f3 que esto se deriv\u00f3 de una investigaci\u00f3n de varios meses, si no es que a\u00f1os, que se le hab\u00eda dado seguimiento&nbsp;para aprehenderlo.<\/p>\n\n\n\n<p>Reconoci\u00f3 que en estas indagatorias hubo aportaciones de inteligencia por parte de las agencias de Estados Unidos.<\/p>\n\n\n\n<p>Fuente: La <a href=\"https:\/\/www.jornada.com.mx\/noticia\/2026\/03\/12\/politica\/no-instrui-la-captura-de-el-mencho-existian-ya-varias-ordenes-en-su-contra-sheinbaum\">Jornada<\/a> <\/p>\n","protected":false},"excerpt":{"rendered":"<p>La presidenta Claudia Sheinbaum rechaz\u00f3 que ella haya dado la instrucci\u00f3n de detener al narcotraficante, Nemesio Oseguera&nbsp;El Mencho, sino que este sujeto ten\u00eda diversas \u00f3rdenes de aprehensi\u00f3n derivadas de varias carpetas de investigaci\u00f3n iniciadas por la Fiscal\u00eda General de la Rep\u00fablica por lo que, dada la peligrosidad de este personaje intervino la Secretar\u00eda de la [&hellip;]<\/p>\n","protected":false},"author":35,"featured_media":211560,"comment_status":"open","ping_status":"open","sticky":false,"template":"","format":"standard","meta":{"_monsterinsights_skip_tracking":false,"_monsterinsights_sitenote_active":false,"_monsterinsights_sitenote_note":"","_monsterinsights_sitenote_category":0,"footnotes":""},"categories":[158],"tags":[2801,7185],"class_list":["post-211558","post","type-post","status-publish","format-standard","has-post-thumbnail","hentry","category-politica","tag-claudia-sheinbaum","tag-el-mencho","wp-image-borders"],"amp_enabled":true,"_links":{"self":[{"href":"https:\/\/nvnoticias.mx\/index.php\/wp-json\/wp\/v2\/posts\/211558","targetHints":{"allow":["GET"]}}],"collection":[{"href":"https:\/\/nvnoticias.mx\/index.php\/wp-json\/wp\/v2\/posts"}],"about":[{"href":"https:\/\/nvnoticias.mx\/index.php\/wp-json\/wp\/v2\/types\/post"}],"author":[{"embeddable":true,"href":"https:\/\/nvnoticias.mx\/index.php\/wp-json\/wp\/v2\/users\/35"}],"replies":[{"embeddable":true,"href":"https:\/\/nvnoticias.mx\/index.php\/wp-json\/wp\/v2\/comments?post=211558"}],"version-history":[{"count":2,"href":"https:\/\/nvnoticias.mx\/index.php\/wp-json\/wp\/v2\/posts\/211558\/revisions"}],"predecessor-version":[{"id":211561,"href":"https:\/\/nvnoticias.mx\/index.php\/wp-json\/wp\/v2\/posts\/211558\/revisions\/211561"}],"wp:featuredmedia":[{"embeddable":true,"href":"https:\/\/nvnoticias.mx\/index.php\/wp-json\/wp\/v2\/media\/211560"}],"wp:attachment":[{"href":"https:\/\/nvnoticias.mx\/index.php\/wp-json\/wp\/v2\/media?parent=211558"}],"wp:term":[{"taxonomy":"category","embeddable":true,"href":"https:\/\/nvnoticias.mx\/index.php\/wp-json\/wp\/v2\/categories?post=211558"},{"taxonomy":"post_tag","embeddable":true,"href":"https:\/\/nvnoticias.mx\/index.php\/wp-json\/wp\/v2\/tags?post=211558"}],"curies":[{"name":"wp","href":"https:\/\/api.w.org\/{rel}","templated":true}]}}