{"id":211550,"date":"2026-03-12T14:03:10","date_gmt":"2026-03-12T20:03:10","guid":{"rendered":"https:\/\/nvnoticias.mx\/?p=211550"},"modified":"2026-03-12T14:03:21","modified_gmt":"2026-03-12T20:03:21","slug":"hable-con-lula-y-petro-sobre-cumbre-de-trump-sheinbaum","status":"publish","type":"post","link":"https:\/\/nvnoticias.mx\/index.php\/2026\/03\/12\/hable-con-lula-y-petro-sobre-cumbre-de-trump-sheinbaum\/","title":{"rendered":"Habl\u00e9 con Lula y Petro sobre Cumbre de Trump: Sheinbaum"},"content":{"rendered":"\n<p>En las m\u00e1s recientes conversaciones con los presidentes de Brasil, Luiz In\u00e1cio Lula da Silva, y de Colombia, Gustavo Petro, hablamos de la Cumbre de Donald Trump, pero \u201chay mucha tranquilidad\u201d por la comunicaci\u00f3n que se tiene con Estados Unidos.&nbsp;<\/p>\n\n\n\n<p>Indic\u00f3 que Brasil \u201ctiene su comunicaci\u00f3n\u201d, con ese pa\u00eds; \u201cColombia tambi\u00e9n; recientemente estuvo ah\u00ed el presidente Petro. Se resolvieron muchos malos entendidos o falta de comunicaci\u00f3n directa y pues nosotros tambi\u00e9n tenemos nuestra comunicaci\u00f3n\u201d.&nbsp;<\/p>\n\n\n\n<p>Tenemos \u201cuna posici\u00f3n pol\u00edtica\u201d distinta a la de otros pa\u00edses \u201cen la elecci\u00f3n de nuestros pueblos, en los gobiernos o pueblos que representamos. Eso es obvio y evidente, pero no tiene por qu\u00e9 afectar la relaci\u00f3n bilateral o multilateral\u201d, sostuvo.<\/p>\n\n\n\n<p>Fuente: <a href=\"https:\/\/www.jornada.com.mx\/noticia\/2026\/03\/12\/politica\/hable-con-lula-y-petro-sobre-cumbre-de-trump-sheinbaum-hay-tranquilidad-por-la-comunicacion-con-eu\">La Jornada<\/a> <\/p>\n","protected":false},"excerpt":{"rendered":"<p>En las m\u00e1s recientes conversaciones con los presidentes de Brasil, Luiz In\u00e1cio Lula da Silva, y de Colombia, Gustavo Petro, hablamos de la Cumbre de Donald Trump, pero \u201chay mucha tranquilidad\u201d por la comunicaci\u00f3n que se tiene con Estados Unidos.&nbsp; Indic\u00f3 que Brasil \u201ctiene su comunicaci\u00f3n\u201d, con ese pa\u00eds; \u201cColombia tambi\u00e9n; recientemente estuvo ah\u00ed el [&hellip;]<\/p>\n","protected":false},"author":35,"featured_media":211552,"comment_status":"open","ping_status":"open","sticky":false,"template":"","format":"standard","meta":{"_monsterinsights_skip_tracking":false,"_monsterinsights_sitenote_active":false,"_monsterinsights_sitenote_note":"","_monsterinsights_sitenote_category":0,"footnotes":""},"categories":[158],"tags":[2801,230,183,7272,18575,162],"class_list":["post-211550","post","type-post","status-publish","format-standard","has-post-thumbnail","hentry","category-politica","tag-claudia-sheinbaum","tag-donald-trump","tag-estados-unidos","tag-lula-da-silva","tag-petro","tag-portada","wp-image-borders"],"amp_enabled":true,"_links":{"self":[{"href":"https:\/\/nvnoticias.mx\/index.php\/wp-json\/wp\/v2\/posts\/211550","targetHints":{"allow":["GET"]}}],"collection":[{"href":"https:\/\/nvnoticias.mx\/index.php\/wp-json\/wp\/v2\/posts"}],"about":[{"href":"https:\/\/nvnoticias.mx\/index.php\/wp-json\/wp\/v2\/types\/post"}],"author":[{"embeddable":true,"href":"https:\/\/nvnoticias.mx\/index.php\/wp-json\/wp\/v2\/users\/35"}],"replies":[{"embeddable":true,"href":"https:\/\/nvnoticias.mx\/index.php\/wp-json\/wp\/v2\/comments?post=211550"}],"version-history":[{"count":2,"href":"https:\/\/nvnoticias.mx\/index.php\/wp-json\/wp\/v2\/posts\/211550\/revisions"}],"predecessor-version":[{"id":211553,"href":"https:\/\/nvnoticias.mx\/index.php\/wp-json\/wp\/v2\/posts\/211550\/revisions\/211553"}],"wp:featuredmedia":[{"embeddable":true,"href":"https:\/\/nvnoticias.mx\/index.php\/wp-json\/wp\/v2\/media\/211552"}],"wp:attachment":[{"href":"https:\/\/nvnoticias.mx\/index.php\/wp-json\/wp\/v2\/media?parent=211550"}],"wp:term":[{"taxonomy":"category","embeddable":true,"href":"https:\/\/nvnoticias.mx\/index.php\/wp-json\/wp\/v2\/categories?post=211550"},{"taxonomy":"post_tag","embeddable":true,"href":"https:\/\/nvnoticias.mx\/index.php\/wp-json\/wp\/v2\/tags?post=211550"}],"curies":[{"name":"wp","href":"https:\/\/api.w.org\/{rel}","templated":true}]}}