{"id":211524,"date":"2026-03-12T12:58:49","date_gmt":"2026-03-12T18:58:49","guid":{"rendered":"https:\/\/nvnoticias.mx\/?p=211524"},"modified":"2026-03-12T12:58:56","modified_gmt":"2026-03-12T18:58:56","slug":"riesgo-mayor-es-normalizar-la-violencia-advierte-dirigente-del-snte","status":"publish","type":"post","link":"https:\/\/nvnoticias.mx\/index.php\/2026\/03\/12\/riesgo-mayor-es-normalizar-la-violencia-advierte-dirigente-del-snte\/","title":{"rendered":"Riesgo mayor es normalizar la violencia, advierte dirigente del SNTE"},"content":{"rendered":"\n<p><\/p>\n\n\n\n<p><strong>Sam Ojeda &#8211; NV Noticias<\/strong><\/p>\n\n\n\n<p>Xalapa.- Ante los casos de violencia que se registran en entornos escolares y sociales, el secretario general de la secci\u00f3n 56 del Sindicato Nacional de Trabajadores de la Educaci\u00f3n (SNTE), Jos\u00e9 Reveriano Mar\u00edn Hern\u00e1ndez, afirm\u00f3 que la formaci\u00f3n para prevenir estas conductas no depende \u00fanicamente de las escuelas, sino tambi\u00e9n de lo que ocurre fuera de ellas.<\/p>\n\n\n\n<p>Durante su participaci\u00f3n en el foro \u201cEducar para Erradicar la Violencia contra las Mujeres\u201d, organizado por la Escuela Nacional de Formaci\u00f3n Judicial del Poder Judicial del Estado de Veracruz, el dirigente sindical advirti\u00f3 que uno de los riesgos m\u00e1s graves es que estas conductas se vuelvan cotidianas.<\/p>\n\n\n\n<p>Mar\u00edn Hern\u00e1ndez se\u00f1al\u00f3 que la educaci\u00f3n para prevenir la violencia, especialmente contras las mujeres, debe abordarse desde distintos espacios, tanto en la formaci\u00f3n escolar como en la vida cotidiana y el entorno familiar.<\/p>\n\n\n\n<p>\u201c\u00bfEn d\u00f3nde se educa? Por supuesto en muchos lugares: la educaci\u00f3n no formal y la educaci\u00f3n formal. La educaci\u00f3n no formal en la familia, en la calle, en la vida cotidiana, y la formal cuando pasan a los planteles educativos; pero todo a fin de cuentas es educaci\u00f3n y ah\u00ed est\u00e1 la herramienta m\u00e1s importante para poder erradicar en la sociedad la violencia contra las mujeres\u201d.<\/p>\n\n\n\n<p>El dirigente magisterial consider\u00f3 que la prevenci\u00f3n tambi\u00e9n requiere generar conciencia desde edades tempranas, mediante el di\u00e1logo con ni\u00f1as y ni\u00f1os sobre igualdad y respeto.<\/p>\n\n\n\n<p>\u201cHay que platicar con las ni\u00f1as y con los ni\u00f1os; el g\u00e9nero no debe representar que alguien sea m\u00e1s fuerte o sea m\u00e1s d\u00e9bil, pero necesitamos hacer conciencia social\u201d.<\/p>\n\n\n\n<p>Indic\u00f3 que en los \u00faltimos a\u00f1os se han logrado avances institucionales al visibilizar el problema y crear mecanismos de atenci\u00f3n, aunque subray\u00f3 que esas medidas por s\u00ed solas no resuelven el problema.<\/p>\n\n\n\n<p>\u201cYa se visibiliz\u00f3 y eso es algo importante, ya se denuncia y eso es algo muy importante; en todos los \u00e1mbitos ya hay unidades de g\u00e9nero, qu\u00e9 bueno hemos avanzado, pero no basta con eso, tenemos que apostarle a la educaci\u00f3n\u201d.<\/p>\n\n\n\n<p>Sostuvo que la formaci\u00f3n social sigue siendo el punto de partida para modificar conductas y construir entornos m\u00e1s seguros.<\/p>\n\n\n\n<p>\u201cLa educaci\u00f3n es la base fundamental de la transformaci\u00f3n de una sociedad y por eso creo que todos en la colectividad debemos de mirar a un horizonte diferente, porque la educaci\u00f3n es la base de la transformaci\u00f3n social\u201d.<\/p>\n","protected":false},"excerpt":{"rendered":"<p>Sam Ojeda &#8211; NV Noticias Xalapa.- Ante los casos de violencia que se registran en entornos escolares y sociales, el secretario general de la secci\u00f3n 56 del Sindicato Nacional de Trabajadores de la Educaci\u00f3n (SNTE), Jos\u00e9 Reveriano Mar\u00edn Hern\u00e1ndez, afirm\u00f3 que la formaci\u00f3n para prevenir estas conductas no depende \u00fanicamente de las escuelas, sino tambi\u00e9n [&hellip;]<\/p>\n","protected":false},"author":6,"featured_media":211526,"comment_status":"open","ping_status":"open","sticky":false,"template":"","format":"standard","meta":{"_monsterinsights_skip_tracking":false,"_monsterinsights_sitenote_active":false,"_monsterinsights_sitenote_note":"","_monsterinsights_sitenote_category":0,"footnotes":""},"categories":[156],"tags":[1668],"class_list":["post-211524","post","type-post","status-publish","format-standard","has-post-thumbnail","hentry","category-estado","tag-snte","wp-image-borders"],"amp_enabled":true,"_links":{"self":[{"href":"https:\/\/nvnoticias.mx\/index.php\/wp-json\/wp\/v2\/posts\/211524","targetHints":{"allow":["GET"]}}],"collection":[{"href":"https:\/\/nvnoticias.mx\/index.php\/wp-json\/wp\/v2\/posts"}],"about":[{"href":"https:\/\/nvnoticias.mx\/index.php\/wp-json\/wp\/v2\/types\/post"}],"author":[{"embeddable":true,"href":"https:\/\/nvnoticias.mx\/index.php\/wp-json\/wp\/v2\/users\/6"}],"replies":[{"embeddable":true,"href":"https:\/\/nvnoticias.mx\/index.php\/wp-json\/wp\/v2\/comments?post=211524"}],"version-history":[{"count":1,"href":"https:\/\/nvnoticias.mx\/index.php\/wp-json\/wp\/v2\/posts\/211524\/revisions"}],"predecessor-version":[{"id":211527,"href":"https:\/\/nvnoticias.mx\/index.php\/wp-json\/wp\/v2\/posts\/211524\/revisions\/211527"}],"wp:featuredmedia":[{"embeddable":true,"href":"https:\/\/nvnoticias.mx\/index.php\/wp-json\/wp\/v2\/media\/211526"}],"wp:attachment":[{"href":"https:\/\/nvnoticias.mx\/index.php\/wp-json\/wp\/v2\/media?parent=211524"}],"wp:term":[{"taxonomy":"category","embeddable":true,"href":"https:\/\/nvnoticias.mx\/index.php\/wp-json\/wp\/v2\/categories?post=211524"},{"taxonomy":"post_tag","embeddable":true,"href":"https:\/\/nvnoticias.mx\/index.php\/wp-json\/wp\/v2\/tags?post=211524"}],"curies":[{"name":"wp","href":"https:\/\/api.w.org\/{rel}","templated":true}]}}