{"id":211511,"date":"2026-03-12T09:45:17","date_gmt":"2026-03-12T15:45:17","guid":{"rendered":"https:\/\/nvnoticias.mx\/?p=211511"},"modified":"2026-03-12T09:45:27","modified_gmt":"2026-03-12T15:45:27","slug":"confia-sheinbaum-que-conflicto-entre-taxistas-concesionados-en-aicm-y-de-aplicacion-se-resuelva-mediante-dialogo","status":"publish","type":"post","link":"https:\/\/nvnoticias.mx\/index.php\/2026\/03\/12\/confia-sheinbaum-que-conflicto-entre-taxistas-concesionados-en-aicm-y-de-aplicacion-se-resuelva-mediante-dialogo\/","title":{"rendered":"Conf\u00eda Sheinbaum que conflicto entre taxistas concesionados en AICM y de aplicaci\u00f3n se resuelva mediante di\u00e1logo"},"content":{"rendered":"\n<p>La presidenta Claudia Sheinbaum confi\u00f3 en que el conflicto entre los taxis que tienen concesiones &nbsp;en el Aeropuerto Internacional de la Ciudad de M\u00e9xico y las plataformas como Uber y Didi se resuelva mediante el di\u00e1logo. Reconoci\u00f3 que los taxis del aeropuerto tienen los derechos para operar en la terminal a\u00e9rea, pero que se tiene que equilibrar con un espacio alterno un poco alejado para que los usuarios tengan opciones.&nbsp;<\/p>\n\n\n\n<p>Subray\u00f3 la necesidad de que este conflicto se supere mediante un acuerdo que se desprenda del di\u00e1logo entre las partes. En este sentido, si bien destac\u00f3 que deben respetarse los derechos de los taxistas del aeropuerto porque pagan sus derechos pero tambi\u00e9n estos deben moderar sus tarifas que son en muchos lugares, no s\u00f3lo la Ciudad de M\u00e9xico, excesivas. &nbsp;<\/p>\n\n\n\n<p>Por eso dijo que el acuerdo deben tambi\u00e9n compatibilizar las posturas de ambas partes mediante acuerdos. Quien paga derechos tiene ese beneficio de estar operando en el aeropuerto para que los usuarios puedan optar por ellos pero tambi\u00e9n para aquellos usuarios que no lo quieren puedan tener acceso a un espacio cercano donde buscar opciones en plataformas.<\/p>\n\n\n\n<p>Fuente: La <a href=\"https:\/\/www.jornada.com.mx\/noticia\/2026\/03\/12\/politica\/confia-sheinbaum-que-conflicto-entre-taxistas-concesionados-en-aicm-y-de-aplicacion-se-resuelva-mediante-dialogo\">Jornada<\/a><\/p>\n","protected":false},"excerpt":{"rendered":"<p>La presidenta Claudia Sheinbaum confi\u00f3 en que el conflicto entre los taxis que tienen concesiones &nbsp;en el Aeropuerto Internacional de la Ciudad de M\u00e9xico y las plataformas como Uber y Didi se resuelva mediante el di\u00e1logo. Reconoci\u00f3 que los taxis del aeropuerto tienen los derechos para operar en la terminal a\u00e9rea, pero que se tiene [&hellip;]<\/p>\n","protected":false},"author":35,"featured_media":211514,"comment_status":"open","ping_status":"open","sticky":false,"template":"","format":"standard","meta":{"_monsterinsights_skip_tracking":false,"_monsterinsights_sitenote_active":false,"_monsterinsights_sitenote_note":"","_monsterinsights_sitenote_category":0,"footnotes":""},"categories":[157],"tags":[6573,2801,884],"class_list":["post-211511","post","type-post","status-publish","format-standard","has-post-thumbnail","hentry","category-nacional","tag-aicm","tag-claudia-sheinbaum","tag-taxistas","wp-image-borders"],"amp_enabled":true,"_links":{"self":[{"href":"https:\/\/nvnoticias.mx\/index.php\/wp-json\/wp\/v2\/posts\/211511","targetHints":{"allow":["GET"]}}],"collection":[{"href":"https:\/\/nvnoticias.mx\/index.php\/wp-json\/wp\/v2\/posts"}],"about":[{"href":"https:\/\/nvnoticias.mx\/index.php\/wp-json\/wp\/v2\/types\/post"}],"author":[{"embeddable":true,"href":"https:\/\/nvnoticias.mx\/index.php\/wp-json\/wp\/v2\/users\/35"}],"replies":[{"embeddable":true,"href":"https:\/\/nvnoticias.mx\/index.php\/wp-json\/wp\/v2\/comments?post=211511"}],"version-history":[{"count":3,"href":"https:\/\/nvnoticias.mx\/index.php\/wp-json\/wp\/v2\/posts\/211511\/revisions"}],"predecessor-version":[{"id":211515,"href":"https:\/\/nvnoticias.mx\/index.php\/wp-json\/wp\/v2\/posts\/211511\/revisions\/211515"}],"wp:featuredmedia":[{"embeddable":true,"href":"https:\/\/nvnoticias.mx\/index.php\/wp-json\/wp\/v2\/media\/211514"}],"wp:attachment":[{"href":"https:\/\/nvnoticias.mx\/index.php\/wp-json\/wp\/v2\/media?parent=211511"}],"wp:term":[{"taxonomy":"category","embeddable":true,"href":"https:\/\/nvnoticias.mx\/index.php\/wp-json\/wp\/v2\/categories?post=211511"},{"taxonomy":"post_tag","embeddable":true,"href":"https:\/\/nvnoticias.mx\/index.php\/wp-json\/wp\/v2\/tags?post=211511"}],"curies":[{"name":"wp","href":"https:\/\/api.w.org\/{rel}","templated":true}]}}