{"id":211506,"date":"2026-03-12T09:42:17","date_gmt":"2026-03-12T15:42:17","guid":{"rendered":"https:\/\/nvnoticias.mx\/?p=211506"},"modified":"2026-03-12T09:42:25","modified_gmt":"2026-03-12T15:42:25","slug":"descarta-sheinbaum-posibilidad-de-suspender-mundial-2026-por-conflicto-belico-en-medio-oriente","status":"publish","type":"post","link":"https:\/\/nvnoticias.mx\/index.php\/2026\/03\/12\/descarta-sheinbaum-posibilidad-de-suspender-mundial-2026-por-conflicto-belico-en-medio-oriente\/","title":{"rendered":"Descarta Sheinbaum posibilidad de suspender Mundial 2026 por conflicto b\u00e9lico en Medio Oriente"},"content":{"rendered":"\n<p>La presidenta Claudia Sheinbaum sostuvo que a pesar del entorno b\u00e9lico mundial hasta el momento no tenemos ninguna notificaci\u00f3n de que exista la posibilidad de suspender el Mundial de Futbol, toda la organizaci\u00f3n sigue normal sin ninguna modificaci\u00f3n.<\/p>\n\n\n\n<p>En este contexto, se\u00f1al\u00f3 que si bien en el plan de seguridad en torno al Mundial que presentaron las secretar\u00edas de la Defensa Nacional y de Marina contemplaron diversos escenarios, consider\u00f3 que en M\u00e9xico el riesgo sobre un posible atentado ante el conflicto entre Ir\u00e1n y Estados Unidos es menor porque \u201cno estamos involucrados con ninguna de las partes. Tenemos una posici\u00f3n de paz\u201d.<\/p>\n\n\n\n<p>Dijo que en materia organizativa se avanza en la coordinaci\u00f3n e incluso coment\u00f3 que el Gobierno de la Ciudad de M\u00e9xico y la Secretar\u00eda de Turismo federal organizar\u00e1n la clase de f\u00fatbol m\u00e1s grande en el mundo este domingo.<\/p>\n\n\n\n<p>Fuente: La <a href=\"https:\/\/www.jornada.com.mx\/noticia\/2026\/03\/12\/deportes\/descarta-sheinbaum-posibilidad-de-suspender-mundial-2026-por-conflicto-belico-en-medio-oriente\">Jornada<\/a><\/p>\n","protected":false},"excerpt":{"rendered":"<p>La presidenta Claudia Sheinbaum sostuvo que a pesar del entorno b\u00e9lico mundial hasta el momento no tenemos ninguna notificaci\u00f3n de que exista la posibilidad de suspender el Mundial de Futbol, toda la organizaci\u00f3n sigue normal sin ninguna modificaci\u00f3n. En este contexto, se\u00f1al\u00f3 que si bien en el plan de seguridad en torno al Mundial que [&hellip;]<\/p>\n","protected":false},"author":35,"featured_media":211507,"comment_status":"open","ping_status":"open","sticky":false,"template":"","format":"standard","meta":{"_monsterinsights_skip_tracking":false,"_monsterinsights_sitenote_active":false,"_monsterinsights_sitenote_note":"","_monsterinsights_sitenote_category":0,"footnotes":""},"categories":[157],"tags":[2801,4114,162],"class_list":["post-211506","post","type-post","status-publish","format-standard","has-post-thumbnail","hentry","category-nacional","tag-claudia-sheinbaum","tag-mundial-2026","tag-portada","wp-image-borders"],"amp_enabled":true,"_links":{"self":[{"href":"https:\/\/nvnoticias.mx\/index.php\/wp-json\/wp\/v2\/posts\/211506","targetHints":{"allow":["GET"]}}],"collection":[{"href":"https:\/\/nvnoticias.mx\/index.php\/wp-json\/wp\/v2\/posts"}],"about":[{"href":"https:\/\/nvnoticias.mx\/index.php\/wp-json\/wp\/v2\/types\/post"}],"author":[{"embeddable":true,"href":"https:\/\/nvnoticias.mx\/index.php\/wp-json\/wp\/v2\/users\/35"}],"replies":[{"embeddable":true,"href":"https:\/\/nvnoticias.mx\/index.php\/wp-json\/wp\/v2\/comments?post=211506"}],"version-history":[{"count":3,"href":"https:\/\/nvnoticias.mx\/index.php\/wp-json\/wp\/v2\/posts\/211506\/revisions"}],"predecessor-version":[{"id":211510,"href":"https:\/\/nvnoticias.mx\/index.php\/wp-json\/wp\/v2\/posts\/211506\/revisions\/211510"}],"wp:featuredmedia":[{"embeddable":true,"href":"https:\/\/nvnoticias.mx\/index.php\/wp-json\/wp\/v2\/media\/211507"}],"wp:attachment":[{"href":"https:\/\/nvnoticias.mx\/index.php\/wp-json\/wp\/v2\/media?parent=211506"}],"wp:term":[{"taxonomy":"category","embeddable":true,"href":"https:\/\/nvnoticias.mx\/index.php\/wp-json\/wp\/v2\/categories?post=211506"},{"taxonomy":"post_tag","embeddable":true,"href":"https:\/\/nvnoticias.mx\/index.php\/wp-json\/wp\/v2\/tags?post=211506"}],"curies":[{"name":"wp","href":"https:\/\/api.w.org\/{rel}","templated":true}]}}