{"id":211498,"date":"2026-03-12T08:11:19","date_gmt":"2026-03-12T14:11:19","guid":{"rendered":"https:\/\/nvnoticias.mx\/?p=211498"},"modified":"2026-03-12T08:11:26","modified_gmt":"2026-03-12T14:11:26","slug":"racing-de-veracruz-y-el-veto-a-su-porra","status":"publish","type":"post","link":"https:\/\/nvnoticias.mx\/index.php\/2026\/03\/12\/racing-de-veracruz-y-el-veto-a-su-porra\/","title":{"rendered":"Racing de Veracruz y el veto a su porra"},"content":{"rendered":"\n<p><\/p>\n\n\n\n<p><strong>Ricardo Chua<\/strong><\/p>\n\n\n\n<p>Hace unos d\u00edas en este mismo espacio.. Comentamos que la porra del equipo de liga de ascenso del f\u00fatbol mexicano &#8220;Racing de Veracruz&#8221; y que jugaba en el estadio de la Unidad Deportiva &#8220;Hugo S\u00e1nchez&#8221;, del municipio de Boca del R\u00edo.. Y cuyo sitio le llamaban la &#8220;Guarida del Monstruo&#8221;.. Finalmente esa PORRA ya fue SANCIONADA oficialmente por la Federaci\u00f3n Mexicana de F\u00fatbol, que emiti\u00f3 un dictamen, que se\u00f1ala que esa grupo de personas que integran la porra llamada: &#8220;La Octava Guardia&#8221; fue VETADA por DOS A\u00d1OS para entrar a cualquier estadio donde este equipo tenga un partido oficial.. MUY DURO..<\/p>\n\n\n\n<p>Hay que recordar que este problema viene desde el pasado 21 de febrero.. Cuando a unos metros del estadio en la cabecera municipal boque\u00f1a, se present\u00f3 un conato de bronca entre las porras del Racing de Veracruz y &#8220;Los Toros&#8221; del Celaya, despu\u00e9s del partido del f\u00fatbol de la liga premier de M\u00e9xico.. En ese pleito, un aficionado de Celaya falleci\u00f3 por una golpiza propinada por presuntos miembros de la porra del equipo veracruzano y que supuestamente fue rematado a golpes con piedras que estaban en este sitio.. Situaci\u00f3n que est\u00e1 todav\u00eda investigando la Fiscal\u00eda General del Estado de Veracruz..<\/p>\n\n\n\n<p>El hecho es que la sanci\u00f3n impuesta por la FeMexFut, no s\u00f3lo fue para la porra del &#8220;Racing de Veracruz&#8221; con dos a\u00f1os de veto y por lo cual, no puede entrar a ning\u00fan estadio en M\u00e9xico.. Sino que tambi\u00e9n la &#8220;lumbre&#8221; le lleg\u00f3 a la porra del equipo del Celaya, de nombre &#8220;La Demencia&#8221;.. Los cuales tambi\u00e9n fueron vetados para asistir a cualquier encuentro de f\u00fatbol donde juegue el equipo guanajuatense.. A los dos midieron con la misma &#8220;vara&#8221;.. Pero la realidad es que sobre la porra del equipo veracruzano, propiedad del empresario tabasque\u00f1o, Maclovio Y\u00e1\u00f1ez, pesa una investigaci\u00f3n sobre el asesinato de un aficionado de f\u00fatbol..<\/p>\n\n\n\n<p>As\u00ed que pese a la labor pol\u00edtica, social y medi\u00e1tica que hizo el equipo del Racing de Veracruz.. Para aminorar la situaci\u00f3n de crisis, que viv\u00eda despu\u00e9s de los hechos violentos y funestos en Boca del R\u00edo, el pasado 21 de febrero.. Pues la FeMexFut emiti\u00f3 su dictamen.. Que no los dej\u00f3 bien parados ante la afici\u00f3n mexicana.. Y ahora s\u00f3lo falta saber el curso que tomar\u00e1 la investigaci\u00f3n que hace la Fiscal\u00eda de Veracruz para saber como va la carpeta de investigaci\u00f3n sobre estos hechos.. Que a\u00fan no termina y que se rumora investigan a m\u00e1s miembros de la porra y que est\u00e1n presuntamente ligados al club.. LA HISTORIA CONTINUAR\u00c1..<\/p>\n\n\n\n<p>CONCIENTIZACI\u00d3N CONTRA C\u00c1NCER DE MAMA EN MEDELL\u00cdN DE BRAVO<\/p>\n\n\n\n<p>Mientras el alcalde de Medell\u00edn de Bravo, Samuel Acosta, anda m\u00e1s preocupado por lucir sus nuevos dientes, su guayaberas color guinda MORENA y hacer como que trabaja en pro de las comunidades.. Es una realidad que su cuerpo edilicio le est\u00e1 &#8220;ganando el mandado&#8221; en labores sociales, en acciones que benefician a los habitantes de esta ciudad, como por ejemplo las pl\u00e1ticas de concientizaci\u00f3n sobre el c\u00e1ncer de mama a mujeres de este municipio organizada por la regidora, Ana Karen Rangel Mata en coordinaci\u00f3n con las integrantes de la Asociaci\u00f3n de Mujeres Activas contra el C\u00e1ncer (MUAC)..<\/p>\n\n\n\n<p>Luego que Medell\u00edn de Bravo, es uno de los municipios que tiene altos \u00edndices de su poblaci\u00f3n femenina con problemas de salud por esta causa, es que en el marco del D\u00eda Internacional de la Mujer, es que la edil Ana Karen Rangel se dio a la tarea de informar y sensibilizar a este sector de la sociedad de la importancia de la detecci\u00f3n oportuna de una enfermedad tan grave como es este tipo de c\u00e1ncer, que a la larga si no se atiende a tiempo, puede ser mortal.. Ese es el trabajo que vale.. Sin tanta foto o publicidad poco a poco se van enfrentando los problemas que hay en un municipio y se busca soluciones..<\/p>\n\n\n\n<p>Por ello, durante la intervenci\u00f3n de Bety Cruz Sol\u00f3rzano, presidenta de la MUAC, hizo hincapi\u00e9 de que las autoridades municipales de Veracruz, puedan ser tambi\u00e9n un v\u00ednculo para poder llevar este tipo de informaci\u00f3n a la ciudadan\u00eda.. Y por eso agradeci\u00f3 que la regidora Ana Karen Rangel Mata fuera una de las precursoras de estos eventos en la administraci\u00f3n local de Medell\u00edn de Bravo, a 70 d\u00edas de haber arrancado apenas.. Finalmente estas son acciones que valen para una poblaci\u00f3n que muchas veces, no sabe atender las se\u00f1ales de los primeros s\u00edntomas y cuando lo hace puede ser demasiado tarde.. BIEN por la regidora y MUAC..<\/p>\n\n\n\n<p>PD Y COLOF\u00d3N.. A pesar de que personajes muy ligados a MORENA.. Vociferaban y publicaron en redes sociales todo el d\u00eda de ayer, de que por legisladores federales &#8220;traidores&#8221; a la 4T y que son miembros del Partido Verde Ecologista de M\u00e9xico y el Partido del Trabajo, no se aprob\u00f3 el proyecto de Reforma Electoral que deseaba la Presidenta Claudia Shienbaum.. Al final, NO VA A PASAR NADA.. Y no pasar\u00e1 nada porque MORENA no puede deshacerse del PVEM y PT para la elecci\u00f3n del 2027 porque de hacerlo.. Pone EN RIESGO de perder alrededor de 112 distritos electorales de los 300 que hay en el pa\u00eds.. MORENA solo no puede..<\/p>\n\n\n\n<p>As\u00ed que todos estos ataques, se\u00f1alamientos en contra, acusaciones de traici\u00f3n, de ser &#8220;vende&#8221; patrias y &#8220;mil linduras&#8221; m\u00e1s.. Se ir\u00e1 pasando conforme se acerquen m\u00e1s las fechas de selecci\u00f3n de candidatos de la 4T a diputados federales.. Cuando eso suceda, volver\u00e1n a ver a Manuel Velasco, Javier Herrera, Adri\u00e1n Gonz\u00e1lez Naveda y a todos los dem\u00e1s petistas y &#8220;verdes&#8221; sonriendo en Palacio Nacional y REAFIRMANDO su compromiso con la Presidenta Sheinbaum.. Y todos ellos aplicar\u00e1n la frase que hizo famosa, el pasado martes, el hoy senador Miguel \u00c1ngel Yunes Linares: &#8220;Lo de ayer, ya pas\u00f3&#8221;.. No podr\u00e1n en riesgo la mayor\u00eda calificada en el Congreso de la Uni\u00f3n del 2027.. No vale la pena comentar m\u00e1s.. Esto era una cosa juzgada.. S\u00f3lo era cuesti\u00f3n de seguir con el &#8220;teatro&#8221;.. TAN.. TAN Y AMEN..<\/p>\n","protected":false},"excerpt":{"rendered":"<p>Ricardo Chua Hace unos d\u00edas en este mismo espacio.. Comentamos que la porra del equipo de liga de ascenso del f\u00fatbol mexicano &#8220;Racing de Veracruz&#8221; y que jugaba en el estadio de la Unidad Deportiva &#8220;Hugo S\u00e1nchez&#8221;, del municipio de Boca del R\u00edo.. Y cuyo sitio le llamaban la &#8220;Guarida del Monstruo&#8221;.. Finalmente esa PORRA [&hellip;]<\/p>\n","protected":false},"author":29,"featured_media":211499,"comment_status":"open","ping_status":"open","sticky":false,"template":"","format":"standard","meta":{"_monsterinsights_skip_tracking":false,"_monsterinsights_sitenote_active":false,"_monsterinsights_sitenote_note":"","_monsterinsights_sitenote_category":0,"footnotes":""},"categories":[245],"tags":[32231],"class_list":["post-211498","post","type-post","status-publish","format-standard","has-post-thumbnail","hentry","category-dialogos-de-poder","tag-ricardo-chuaa","wp-image-borders"],"amp_enabled":true,"_links":{"self":[{"href":"https:\/\/nvnoticias.mx\/index.php\/wp-json\/wp\/v2\/posts\/211498","targetHints":{"allow":["GET"]}}],"collection":[{"href":"https:\/\/nvnoticias.mx\/index.php\/wp-json\/wp\/v2\/posts"}],"about":[{"href":"https:\/\/nvnoticias.mx\/index.php\/wp-json\/wp\/v2\/types\/post"}],"author":[{"embeddable":true,"href":"https:\/\/nvnoticias.mx\/index.php\/wp-json\/wp\/v2\/users\/29"}],"replies":[{"embeddable":true,"href":"https:\/\/nvnoticias.mx\/index.php\/wp-json\/wp\/v2\/comments?post=211498"}],"version-history":[{"count":1,"href":"https:\/\/nvnoticias.mx\/index.php\/wp-json\/wp\/v2\/posts\/211498\/revisions"}],"predecessor-version":[{"id":211500,"href":"https:\/\/nvnoticias.mx\/index.php\/wp-json\/wp\/v2\/posts\/211498\/revisions\/211500"}],"wp:featuredmedia":[{"embeddable":true,"href":"https:\/\/nvnoticias.mx\/index.php\/wp-json\/wp\/v2\/media\/211499"}],"wp:attachment":[{"href":"https:\/\/nvnoticias.mx\/index.php\/wp-json\/wp\/v2\/media?parent=211498"}],"wp:term":[{"taxonomy":"category","embeddable":true,"href":"https:\/\/nvnoticias.mx\/index.php\/wp-json\/wp\/v2\/categories?post=211498"},{"taxonomy":"post_tag","embeddable":true,"href":"https:\/\/nvnoticias.mx\/index.php\/wp-json\/wp\/v2\/tags?post=211498"}],"curies":[{"name":"wp","href":"https:\/\/api.w.org\/{rel}","templated":true}]}}