{"id":211493,"date":"2026-03-12T07:56:52","date_gmt":"2026-03-12T13:56:52","guid":{"rendered":"https:\/\/nvnoticias.mx\/?p=211493"},"modified":"2026-03-12T07:56:59","modified_gmt":"2026-03-12T13:56:59","slug":"imss-veracruz-norte-inicia-procedimiento-de-rescision-de-contrato-con-guarderia-papalote-en-coatepec","status":"publish","type":"post","link":"https:\/\/nvnoticias.mx\/index.php\/2026\/03\/12\/imss-veracruz-norte-inicia-procedimiento-de-rescision-de-contrato-con-guarderia-papalote-en-coatepec\/","title":{"rendered":"IMSS Veracruz Norte inicia procedimiento de rescisi\u00f3n de contrato con guarder\u00eda \u201cPapalote\u201d en Coatepec"},"content":{"rendered":"\n<p><\/p>\n\n\n\n<p><em>La medida se basa en resultados de encuestas de satisfacci\u00f3n aplicadas en 2025; el Instituto garantiza alternativas para las familias usuarias.<\/em><\/p>\n\n\n\n<p>El Instituto Mexicano del Seguro Social (IMSS) en Veracruz Norte inform\u00f3 que inici\u00f3 el procedimiento de rescisi\u00f3n administrativa del contrato con la guarder\u00eda de esquema de prestaci\u00f3n indirecta U-0512 \u201cPapalote\u201d, ubicada en el municipio de Coatepec, Veracruz.<\/p>\n\n\n\n<p>De acuerdo con el Instituto, la determinaci\u00f3n responde al compromiso permanente con la seguridad, el bienestar y el inter\u00e9s superior de la ni\u00f1ez, as\u00ed como a los resultados obtenidos en las Encuestas de Satisfacci\u00f3n del Servicio de Guarder\u00eda aplicadas durante 2025.<\/p>\n\n\n\n<p>El IMSS detall\u00f3 que el promedio de satisfacci\u00f3n registrado fue inferior al m\u00ednimo aceptable requerido para la continuidad del servicio, adem\u00e1s de que se realizaron observaciones al prestador del servicio que fueron notificadas oportunamente.<\/p>\n\n\n\n<p>No obstante, la instituci\u00f3n aclar\u00f3 que la rescisi\u00f3n a\u00fan no es definitiva. Conforme a lo establecido en la Ley de Adquisiciones, Arrendamientos y Servicios del Sector P\u00fablico, se otorgan cinco d\u00edas h\u00e1biles al prestador para que manifieste lo que a su derecho convenga dentro del procedimiento administrativo.<\/p>\n\n\n\n<p>Con el objetivo de garantizar la continuidad del servicio para las familias usuarias, el Instituto puso a disposici\u00f3n el tel\u00e9fono 228-818-6087 del Departamento de Guarder\u00edas, donde se brindar\u00e1 atenci\u00f3n personalizada y se ofrecer\u00e1n alternativas institucionales para la atenci\u00f3n de ni\u00f1as y ni\u00f1os.<\/p>\n\n\n\n<p>Finalmente, el IMSS reiter\u00f3 su compromiso con la supervisi\u00f3n permanente y la evaluaci\u00f3n continua de los servicios de guarder\u00eda, as\u00ed como con la aplicaci\u00f3n estricta de la normatividad vigente, priorizando en todo momento la protecci\u00f3n integral de la ni\u00f1ez.<\/p>\n","protected":false},"excerpt":{"rendered":"<p>La medida se basa en resultados de encuestas de satisfacci\u00f3n aplicadas en 2025; el Instituto garantiza alternativas para las familias usuarias. El Instituto Mexicano del Seguro Social (IMSS) en Veracruz Norte inform\u00f3 que inici\u00f3 el procedimiento de rescisi\u00f3n administrativa del contrato con la guarder\u00eda de esquema de prestaci\u00f3n indirecta U-0512 \u201cPapalote\u201d, ubicada en el municipio [&hellip;]<\/p>\n","protected":false},"author":6,"featured_media":211494,"comment_status":"open","ping_status":"open","sticky":false,"template":"","format":"standard","meta":{"_monsterinsights_skip_tracking":false,"_monsterinsights_sitenote_active":false,"_monsterinsights_sitenote_note":"","_monsterinsights_sitenote_category":0,"footnotes":""},"categories":[156],"tags":[1687,33134],"class_list":["post-211493","post","type-post","status-publish","format-standard","has-post-thumbnail","hentry","category-estado","tag-imss-veracruz-norte","tag-papalote","wp-image-borders"],"amp_enabled":true,"_links":{"self":[{"href":"https:\/\/nvnoticias.mx\/index.php\/wp-json\/wp\/v2\/posts\/211493","targetHints":{"allow":["GET"]}}],"collection":[{"href":"https:\/\/nvnoticias.mx\/index.php\/wp-json\/wp\/v2\/posts"}],"about":[{"href":"https:\/\/nvnoticias.mx\/index.php\/wp-json\/wp\/v2\/types\/post"}],"author":[{"embeddable":true,"href":"https:\/\/nvnoticias.mx\/index.php\/wp-json\/wp\/v2\/users\/6"}],"replies":[{"embeddable":true,"href":"https:\/\/nvnoticias.mx\/index.php\/wp-json\/wp\/v2\/comments?post=211493"}],"version-history":[{"count":1,"href":"https:\/\/nvnoticias.mx\/index.php\/wp-json\/wp\/v2\/posts\/211493\/revisions"}],"predecessor-version":[{"id":211495,"href":"https:\/\/nvnoticias.mx\/index.php\/wp-json\/wp\/v2\/posts\/211493\/revisions\/211495"}],"wp:featuredmedia":[{"embeddable":true,"href":"https:\/\/nvnoticias.mx\/index.php\/wp-json\/wp\/v2\/media\/211494"}],"wp:attachment":[{"href":"https:\/\/nvnoticias.mx\/index.php\/wp-json\/wp\/v2\/media?parent=211493"}],"wp:term":[{"taxonomy":"category","embeddable":true,"href":"https:\/\/nvnoticias.mx\/index.php\/wp-json\/wp\/v2\/categories?post=211493"},{"taxonomy":"post_tag","embeddable":true,"href":"https:\/\/nvnoticias.mx\/index.php\/wp-json\/wp\/v2\/tags?post=211493"}],"curies":[{"name":"wp","href":"https:\/\/api.w.org\/{rel}","templated":true}]}}