{"id":211460,"date":"2026-03-11T14:17:41","date_gmt":"2026-03-11T20:17:41","guid":{"rendered":"https:\/\/nvnoticias.mx\/?p=211460"},"modified":"2026-03-11T14:17:48","modified_gmt":"2026-03-11T20:17:48","slug":"urge-atender-desaparicion-de-jovenes-estudiantes-y-ninas","status":"publish","type":"post","link":"https:\/\/nvnoticias.mx\/index.php\/2026\/03\/11\/urge-atender-desaparicion-de-jovenes-estudiantes-y-ninas\/","title":{"rendered":"Urge atender desaparici\u00f3n de j\u00f3venes estudiantes y ni\u00f1as"},"content":{"rendered":"\n<p><br><strong>Jes\u00fas Utrilla \/ NV Noticias <\/strong><\/p>\n\n\n\n<p><br>La atenci\u00f3n efectiva a las desapariciones de mujeres, especialmente de j\u00f3venes estudiantes y ni\u00f1as, contin\u00faa siendo uno de los principales pendientes en la agenda de derechos humanos en M\u00e9xico.<\/p>\n\n\n\n<p><br>Ana Mar\u00eda Fonseca, integrante del Frente Amplio de Mujeres, se\u00f1al\u00f3 que aunque el pa\u00eds cuenta con un amplio marco jur\u00eddico en materia de derechos de las mujeres, en la pr\u00e1ctica a\u00fan no se ha logrado garantizar plenamente el acceso a la justicia ni la protecci\u00f3n para todas.<\/p>\n\n\n\n<p><br>Explic\u00f3 que el sistema legal mexicano se ha fortalecido a partir de tratados internacionales ratificados por el pa\u00eds, as\u00ed como de leyes nacionales y estatales que buscan asegurar una vida libre de violencia, entre ellas la Ley de Acceso de las Mujeres a una Vida Libre de Violencia y la Ley para la Igualdad entre Mujeres y Hombres.<\/p>\n\n\n\n<p><br>La activista dijo que, pese a estos avances normativos, todav\u00eda no se alcanza una igualdad sustantiva, ya que persisten desigualdades en el acceso a oportunidades, en la procuraci\u00f3n de justicia y en la prevenci\u00f3n de delitos como el feminicidio.<\/p>\n\n\n\n<p><br>Tambi\u00e9n destac\u00f3 el papel que han tenido las movilizaciones feministas y las nuevas generaciones de j\u00f3venes en la visibilizaci\u00f3n de distintas formas de violencia, aunque insisti\u00f3 en que el Estado debe reforzar las acciones institucionales para prevenir desapariciones y atender a las familias que buscan a sus hijas en el pa\u00eds.<br><\/p>\n","protected":false},"excerpt":{"rendered":"<p>Jes\u00fas Utrilla \/ NV Noticias La atenci\u00f3n efectiva a las desapariciones de mujeres, especialmente de j\u00f3venes estudiantes y ni\u00f1as, contin\u00faa siendo uno de los principales pendientes en la agenda de derechos humanos en M\u00e9xico. Ana Mar\u00eda Fonseca, integrante del Frente Amplio de Mujeres, se\u00f1al\u00f3 que aunque el pa\u00eds cuenta con un amplio marco jur\u00eddico en [&hellip;]<\/p>\n","protected":false},"author":8,"featured_media":78794,"comment_status":"open","ping_status":"open","sticky":false,"template":"","format":"standard","meta":{"_monsterinsights_skip_tracking":false,"_monsterinsights_sitenote_active":false,"_monsterinsights_sitenote_note":"","_monsterinsights_sitenote_category":0,"footnotes":""},"categories":[154],"tags":[4101,277],"class_list":["post-211460","post","type-post","status-publish","format-standard","has-post-thumbnail","hentry","category-veracruz","tag-desaparicion","tag-estudiantes","wp-image-borders"],"amp_enabled":true,"_links":{"self":[{"href":"https:\/\/nvnoticias.mx\/index.php\/wp-json\/wp\/v2\/posts\/211460","targetHints":{"allow":["GET"]}}],"collection":[{"href":"https:\/\/nvnoticias.mx\/index.php\/wp-json\/wp\/v2\/posts"}],"about":[{"href":"https:\/\/nvnoticias.mx\/index.php\/wp-json\/wp\/v2\/types\/post"}],"author":[{"embeddable":true,"href":"https:\/\/nvnoticias.mx\/index.php\/wp-json\/wp\/v2\/users\/8"}],"replies":[{"embeddable":true,"href":"https:\/\/nvnoticias.mx\/index.php\/wp-json\/wp\/v2\/comments?post=211460"}],"version-history":[{"count":1,"href":"https:\/\/nvnoticias.mx\/index.php\/wp-json\/wp\/v2\/posts\/211460\/revisions"}],"predecessor-version":[{"id":211461,"href":"https:\/\/nvnoticias.mx\/index.php\/wp-json\/wp\/v2\/posts\/211460\/revisions\/211461"}],"wp:featuredmedia":[{"embeddable":true,"href":"https:\/\/nvnoticias.mx\/index.php\/wp-json\/wp\/v2\/media\/78794"}],"wp:attachment":[{"href":"https:\/\/nvnoticias.mx\/index.php\/wp-json\/wp\/v2\/media?parent=211460"}],"wp:term":[{"taxonomy":"category","embeddable":true,"href":"https:\/\/nvnoticias.mx\/index.php\/wp-json\/wp\/v2\/categories?post=211460"},{"taxonomy":"post_tag","embeddable":true,"href":"https:\/\/nvnoticias.mx\/index.php\/wp-json\/wp\/v2\/tags?post=211460"}],"curies":[{"name":"wp","href":"https:\/\/api.w.org\/{rel}","templated":true}]}}