{"id":211447,"date":"2026-03-11T14:00:44","date_gmt":"2026-03-11T20:00:44","guid":{"rendered":"https:\/\/nvnoticias.mx\/?p=211447"},"modified":"2026-03-11T14:00:52","modified_gmt":"2026-03-11T20:00:52","slug":"rescataran-modulos-comunitarios-abandonados-del-dif-veracruz","status":"publish","type":"post","link":"https:\/\/nvnoticias.mx\/index.php\/2026\/03\/11\/rescataran-modulos-comunitarios-abandonados-del-dif-veracruz\/","title":{"rendered":"Rescatar\u00e1n m\u00f3dulos comunitarios abandonados del DIF Veracruz"},"content":{"rendered":"\n<p><\/p>\n\n\n\n<p><strong>Jes\u00fas Utrilla \/ NV Noticias <\/strong><\/p>\n\n\n\n<p>El DIF municipal de Veracruz proyecta un programa de rehabilitaci\u00f3n integral para rescatar los m\u00f3dulos de atenci\u00f3n comunitaria que actualmente se encuentran deteriorados o sin funcionamiento en distintos puntos de la ciudad.<\/p>\n\n\n\n<p>La presidenta del organismo asistencial, Daniela Lily Hern\u00e1ndez, inform\u00f3 que en el municipio existen 12 m\u00f3dulos de atenci\u00f3n prioritaria; sin embargo, aproximadamente la mitad presenta abandono o condiciones inadecuadas para brindar servicio a la poblaci\u00f3n.<\/p>\n\n\n\n<p>Explic\u00f3 que algunos espacios todav\u00eda son utilizables, aunque otros permanec\u00edan cerrados desde hace tiempo o con severos da\u00f1os en su infraestructura.<\/p>\n\n\n\n<p>Actualmente, el DIF brinda atenci\u00f3n \u00fanicamente en seis m\u00f3dulos ubicados en las zonas de Torrentes, Santa Fe, Vargas, Negrete, Ruiz Cortines y Amapolas I.<\/p>\n\n\n\n<p>Adelant\u00f3 que el plan contempla una rehabilitaci\u00f3n total de estos espacios, que incluir\u00e1 mejoras tanto en las instalaciones como en el entorno urbano, ya que las calles cercanas tambi\u00e9n presentan deterioro que dificulta el acceso.<\/p>\n\n\n\n<p>\u201cSe van a rehabilitar al 100 por ciento para que sean espacios dignos. Desde hace mucho tiempo la idea de estos m\u00f3dulos fue que la gente pudiera reunirse y hacer comunidad, pero hoy las condiciones de infraestructura y movilidad no lo permiten\u201d.<\/p>\n\n\n\n<p>La intenci\u00f3n, es convertir nuevamente estos sitios en puntos de encuentro para la poblaci\u00f3n, donde se impartan talleres, capacitaciones, pl\u00e1ticas y actividades recreativas.<\/p>\n","protected":false},"excerpt":{"rendered":"<p>Jes\u00fas Utrilla \/ NV Noticias El DIF municipal de Veracruz proyecta un programa de rehabilitaci\u00f3n integral para rescatar los m\u00f3dulos de atenci\u00f3n comunitaria que actualmente se encuentran deteriorados o sin funcionamiento en distintos puntos de la ciudad. La presidenta del organismo asistencial, Daniela Lily Hern\u00e1ndez, inform\u00f3 que en el municipio existen 12 m\u00f3dulos de atenci\u00f3n [&hellip;]<\/p>\n","protected":false},"author":8,"featured_media":211448,"comment_status":"open","ping_status":"open","sticky":false,"template":"","format":"standard","meta":{"_monsterinsights_skip_tracking":false,"_monsterinsights_sitenote_active":false,"_monsterinsights_sitenote_note":"","_monsterinsights_sitenote_category":0,"footnotes":""},"categories":[154],"tags":[6343,2704,1521],"class_list":["post-211447","post","type-post","status-publish","format-standard","has-post-thumbnail","hentry","category-veracruz","tag-dif-de-veracruz","tag-modulos","tag-rescate","wp-image-borders"],"amp_enabled":true,"_links":{"self":[{"href":"https:\/\/nvnoticias.mx\/index.php\/wp-json\/wp\/v2\/posts\/211447","targetHints":{"allow":["GET"]}}],"collection":[{"href":"https:\/\/nvnoticias.mx\/index.php\/wp-json\/wp\/v2\/posts"}],"about":[{"href":"https:\/\/nvnoticias.mx\/index.php\/wp-json\/wp\/v2\/types\/post"}],"author":[{"embeddable":true,"href":"https:\/\/nvnoticias.mx\/index.php\/wp-json\/wp\/v2\/users\/8"}],"replies":[{"embeddable":true,"href":"https:\/\/nvnoticias.mx\/index.php\/wp-json\/wp\/v2\/comments?post=211447"}],"version-history":[{"count":1,"href":"https:\/\/nvnoticias.mx\/index.php\/wp-json\/wp\/v2\/posts\/211447\/revisions"}],"predecessor-version":[{"id":211449,"href":"https:\/\/nvnoticias.mx\/index.php\/wp-json\/wp\/v2\/posts\/211447\/revisions\/211449"}],"wp:featuredmedia":[{"embeddable":true,"href":"https:\/\/nvnoticias.mx\/index.php\/wp-json\/wp\/v2\/media\/211448"}],"wp:attachment":[{"href":"https:\/\/nvnoticias.mx\/index.php\/wp-json\/wp\/v2\/media?parent=211447"}],"wp:term":[{"taxonomy":"category","embeddable":true,"href":"https:\/\/nvnoticias.mx\/index.php\/wp-json\/wp\/v2\/categories?post=211447"},{"taxonomy":"post_tag","embeddable":true,"href":"https:\/\/nvnoticias.mx\/index.php\/wp-json\/wp\/v2\/tags?post=211447"}],"curies":[{"name":"wp","href":"https:\/\/api.w.org\/{rel}","templated":true}]}}