{"id":21144,"date":"2021-08-13T09:58:43","date_gmt":"2021-08-13T14:58:43","guid":{"rendered":"https:\/\/nvnoticias.mx\/?p=21144"},"modified":"2021-08-13T09:58:54","modified_gmt":"2021-08-13T14:58:54","slug":"despues-de-11-anos-reino-unido-registra-tiroteo-masivo","status":"publish","type":"post","link":"https:\/\/nvnoticias.mx\/index.php\/2021\/08\/13\/despues-de-11-anos-reino-unido-registra-tiroteo-masivo\/","title":{"rendered":"Despu\u00e9s de 11 a\u00f1os Reino Unido registra tiroteo masivo"},"content":{"rendered":"\n<p>El Reino Unido ha vivido su primer tiroteo masivo en 11 a\u00f1os, al producirse una matanza en la ciudad de Plymouth.&nbsp;<\/p>\n\n\n\n<p>Seg\u00fan&nbsp;la informaci\u00f3n de la Polic\u00eda local, se trata de&nbsp;un &#8220;incidente grave con arma de fuego&#8221;, que se produjo la tarde de este jueves y&nbsp;provoc\u00f3&nbsp;la muerte de&nbsp;seis personas, incluido una menor de edad.&nbsp;Dos mujeres y tres hombres murieron por heridas de bala en el lugar del incidente, incluido el agresor, quien se suicid\u00f3. Otra mujer pereci\u00f3 poco tiempo despu\u00e9s en el hospital.&nbsp;<\/p>\n\n\n\n<p>La persona que perpetr\u00f3 el ataque fue posteriormente&nbsp;identificada&nbsp;como&nbsp;Jake Davison, de 22 a\u00f1os. Hasta el momento la Polic\u00eda&nbsp;no ha logrado&nbsp;establecer el motivo del crimen. Se sabe que, en un video de YouTube, publicado semanas antes del ataque, Davison asegur\u00f3 sufrir de depresi\u00f3n por no&nbsp;mantener relaciones sexuales&nbsp;durante su adolescencia.&nbsp;Los agentes de seguridad hicieron hincapi\u00e9 en que&nbsp;el incidente&nbsp;no estaba relacionado con el terrorismo. De acuerdo a&nbsp;Reuters, el Reino Unido tiene una de las tasas de homicidio con armas de fuego m\u00e1s bajas del mundo. Este es el primer tiroteo masivo en el pa\u00eds en 11 a\u00f1os.<\/p>\n\n\n\n<p>La secretaria de Estado del Interior del Reino Unido, Priti Patel,&nbsp;asegur\u00f3&nbsp;este jueves en su&nbsp;cuenta de Twitter&nbsp;que estaba conmocionada por el suceso.&#8221;El incidente en Plymouth es impactante y mis pensamientos est\u00e1n con los afectados.&nbsp;Insto a todos a que mantengan la calma, sigan los consejos de la Polic\u00eda y permitan que nuestros servicios de emergencia contin\u00faen con su trabajo&#8221;, escribi\u00f3 la funcionaria.<\/p>\n\n\n\n<blockquote class=\"twitter-tweet\"><p lang=\"en\" dir=\"ltr\">The incident in Plymouth is shocking and my thoughts are with those affected. <br><br>I have spoken to the Chief Constable and offered my full support. <br><br>I urge everyone to remain calm, follow police advice and allow our emergency services to get on with their jobs.<\/p>\u2014 Priti Patel (@pritipatel) <a href=\"https:\/\/twitter.com\/pritipatel\/status\/1425911554948665344?ref_src=twsrc%5Etfw\">August 12, 2021<\/a><\/blockquote> <script async=\"\" src=\"https:\/\/platform.twitter.com\/widgets.js\" charset=\"utf-8\"><\/script>\n\n\n\n<p>El primer ministro del pa\u00eds,&nbsp;Boris Johnson, tambi\u00e9n se refiri\u00f3 a&nbsp;los hechos. &#8220;Mis pensamientos est\u00e1n con los amigos y familiares de quienes perdieron la vida y con todos los afectados por el tr\u00e1gico incidente de Plymouth, [&#8230;] agradezco a los servicios de emergencia por su respuesta&#8221;,&nbsp;tuite\u00f3&nbsp;el&nbsp;l\u00edder del Gobierno&nbsp;brit\u00e1nico.<\/p>\n\n\n\n<blockquote class=\"twitter-tweet\"><p lang=\"en\" dir=\"ltr\">My thoughts are with the friends and family of those who lost their lives and with all those affected by the tragic incident in Plymouth last night. I thank the emergency services for their response.<\/p>\u2014 Boris Johnson (@BorisJohnson) <a href=\"https:\/\/twitter.com\/BorisJohnson\/status\/1426089944536211474?ref_src=twsrc%5Etfw\">August 13, 2021<\/a><\/blockquote> <script async=\"\" src=\"https:\/\/platform.twitter.com\/widgets.js\" charset=\"utf-8\"><\/script>\n\n\n\n<p>Fuente: Actualidad RT<\/p>\n","protected":false},"excerpt":{"rendered":"<p>El Reino Unido ha vivido su primer tiroteo masivo en 11 a\u00f1os, al producirse una matanza en la ciudad de Plymouth.&nbsp; Seg\u00fan&nbsp;la informaci\u00f3n de la Polic\u00eda local, se trata de&nbsp;un &#8220;incidente grave con arma de fuego&#8221;, que se produjo la tarde de este jueves y&nbsp;provoc\u00f3&nbsp;la muerte de&nbsp;seis personas, incluido una menor de edad.&nbsp;Dos mujeres y [&hellip;]<\/p>\n","protected":false},"author":35,"featured_media":21154,"comment_status":"open","ping_status":"open","sticky":false,"template":"","format":"standard","meta":{"_monsterinsights_skip_tracking":false,"_monsterinsights_sitenote_active":false,"_monsterinsights_sitenote_note":"","_monsterinsights_sitenote_category":0,"footnotes":""},"categories":[181],"tags":[2766,5584,1337,3578],"class_list":["post-21144","post","type-post","status-publish","format-standard","has-post-thumbnail","hentry","category-internacional","tag-inglaterra","tag-plymouth","tag-reino-unido","tag-tiroteo","wp-image-borders"],"amp_enabled":true,"_links":{"self":[{"href":"https:\/\/nvnoticias.mx\/index.php\/wp-json\/wp\/v2\/posts\/21144","targetHints":{"allow":["GET"]}}],"collection":[{"href":"https:\/\/nvnoticias.mx\/index.php\/wp-json\/wp\/v2\/posts"}],"about":[{"href":"https:\/\/nvnoticias.mx\/index.php\/wp-json\/wp\/v2\/types\/post"}],"author":[{"embeddable":true,"href":"https:\/\/nvnoticias.mx\/index.php\/wp-json\/wp\/v2\/users\/35"}],"replies":[{"embeddable":true,"href":"https:\/\/nvnoticias.mx\/index.php\/wp-json\/wp\/v2\/comments?post=21144"}],"version-history":[{"count":5,"href":"https:\/\/nvnoticias.mx\/index.php\/wp-json\/wp\/v2\/posts\/21144\/revisions"}],"predecessor-version":[{"id":21155,"href":"https:\/\/nvnoticias.mx\/index.php\/wp-json\/wp\/v2\/posts\/21144\/revisions\/21155"}],"wp:featuredmedia":[{"embeddable":true,"href":"https:\/\/nvnoticias.mx\/index.php\/wp-json\/wp\/v2\/media\/21154"}],"wp:attachment":[{"href":"https:\/\/nvnoticias.mx\/index.php\/wp-json\/wp\/v2\/media?parent=21144"}],"wp:term":[{"taxonomy":"category","embeddable":true,"href":"https:\/\/nvnoticias.mx\/index.php\/wp-json\/wp\/v2\/categories?post=21144"},{"taxonomy":"post_tag","embeddable":true,"href":"https:\/\/nvnoticias.mx\/index.php\/wp-json\/wp\/v2\/tags?post=21144"}],"curies":[{"name":"wp","href":"https:\/\/api.w.org\/{rel}","templated":true}]}}