{"id":211431,"date":"2026-03-11T12:29:27","date_gmt":"2026-03-11T18:29:27","guid":{"rendered":"https:\/\/nvnoticias.mx\/?p=211431"},"modified":"2026-03-11T12:29:36","modified_gmt":"2026-03-11T18:29:36","slug":"recomienda-sre-a-mexicanos-en-libano-salir-ahora-por-rutas-comerciales-disponibles","status":"publish","type":"post","link":"https:\/\/nvnoticias.mx\/index.php\/2026\/03\/11\/recomienda-sre-a-mexicanos-en-libano-salir-ahora-por-rutas-comerciales-disponibles\/","title":{"rendered":"Recomienda SRE a mexicanos en L\u00edbano salir &#8220;ahora&#8221; por rutas comerciales disponibles"},"content":{"rendered":"\n<p>La Secretar\u00eda de Relaciones Exteriores (SRE) recomend\u00f3 este mi\u00e9rcoles a los mexicanos que se encuentran en L\u00edbano salir del pa\u00eds \u201cahora\u201d por las rutas comerciales disponibles, ante la situaci\u00f3n que prevalece en esa naci\u00f3n de Medio Oriente, donde, de acuerdo con estad\u00edsticas de la dependencia, residen casi 900 connacionales.&nbsp;<\/p>\n\n\n\n<p>La directora de Protecci\u00f3n Consular de la canciller\u00eda, Vanessa Calva, se\u00f1al\u00f3 en redes sociales que es importante que quienes a\u00fan permanecen en territorio liban\u00e9s establezcan contacto inmediato con la representaci\u00f3n diplom\u00e1tica mexicana.&nbsp;<\/p>\n\n\n\n<p>\u201cPersonas en L\u00edbano se recomienda salir del pa\u00eds ahora a trav\u00e9s de las rutas comerciales disponibles; si no han entrado en contacto con nuestra embajada por favor h\u00e1ganlo de manera urgente para brindarles la asistencia necesaria\u201d, indic\u00f3.&nbsp;<\/p>\n\n\n\n<p>En tanto, la embajada de M\u00e9xico en L\u00edbano reiter\u00f3 la recomendaci\u00f3n de considerar la salida del pa\u00eds si la estancia no es esencial y llam\u00f3 a mantenerse atentos a las indicaciones oficiales.&nbsp;<\/p>\n\n\n\n<p>\u201cSi su estancia en el pa\u00eds no es esencial, se recomienda considerar salir por las rutas comerciales disponibles\u201d, se\u00f1al\u00f3 la representaci\u00f3n diplom\u00e1tica en una actualizaci\u00f3n de sus recomendaciones para los connacionales en ese pa\u00eds.&nbsp;<\/p>\n\n\n\n<p>Indic\u00f3 que el espacio a\u00e9reo liban\u00e9s permanece abierto y que la aerol\u00ednea Middle East Airlines mantiene vuelos diarios hacia distintos destinos internacionales, entre ellos ciudades europeas y puntos de conexi\u00f3n regional como Amm\u00e1n, Riad, Estambul, Jeddah, Larnaca y El Cairo.&nbsp;<\/p>\n\n\n\n<p>La embajada pidi\u00f3 a los connacionales mantener la calma, alejarse de las zonas afectadas, evitar desplazamientos innecesarios y seguir las indicaciones que difundan las autoridades locales a trav\u00e9s de medios oficiales.&nbsp;<\/p>\n\n\n\n<p>Asimismo, solicit\u00f3 a quienes a\u00fan no lo hayan hecho registrar su estancia en el pa\u00eds ante la secci\u00f3n consular de la embajada para facilitar la asistencia en caso de ser necesaria.&nbsp;<\/p>\n\n\n\n<p>Para ello, puso a disposici\u00f3n el correo electr\u00f3nico (<a href=\"mailto:consularlib@sre.gob.mx\" target=\"_blank\" rel=\"noreferrer noopener\">consularlib@sre.gob.mx<\/a>](mailto:<a href=\"mailto:consularlib@sre.gob.mx\" target=\"_blank\" rel=\"noreferrer noopener\">consularlib@sre.gob.mx<\/a>), as\u00ed como el tel\u00e9fono de emergencia para protecci\u00f3n connacionales en L\u00edbano:&nbsp;<a href=\"tel:03 044 598\">03 044 598<\/a>&nbsp;desde L\u00edbano y&nbsp;<a href=\"tel:+961 3 044 598\">+961 3 044 598<\/a>&nbsp;para llamadas desde M\u00e9xico.<\/p>\n\n\n\n<p>Fuente: La <a href=\"https:\/\/www.jornada.com.mx\/noticia\/2026\/03\/11\/politica\/recomienda-sre-a-mexicanos-en-libano-salir-ahora-por-rutas-comerciales-disponibles\">Jornada<\/a><\/p>\n","protected":false},"excerpt":{"rendered":"<p>La Secretar\u00eda de Relaciones Exteriores (SRE) recomend\u00f3 este mi\u00e9rcoles a los mexicanos que se encuentran en L\u00edbano salir del pa\u00eds \u201cahora\u201d por las rutas comerciales disponibles, ante la situaci\u00f3n que prevalece en esa naci\u00f3n de Medio Oriente, donde, de acuerdo con estad\u00edsticas de la dependencia, residen casi 900 connacionales.&nbsp; La directora de Protecci\u00f3n Consular de [&hellip;]<\/p>\n","protected":false},"author":35,"featured_media":211435,"comment_status":"open","ping_status":"open","sticky":false,"template":"","format":"standard","meta":{"_monsterinsights_skip_tracking":false,"_monsterinsights_sitenote_active":false,"_monsterinsights_sitenote_note":"","_monsterinsights_sitenote_category":0,"footnotes":""},"categories":[158],"tags":[17156,292],"class_list":["post-211431","post","type-post","status-publish","format-standard","has-post-thumbnail","hentry","category-politica","tag-medio-oriente","tag-mexico","wp-image-borders"],"amp_enabled":true,"_links":{"self":[{"href":"https:\/\/nvnoticias.mx\/index.php\/wp-json\/wp\/v2\/posts\/211431","targetHints":{"allow":["GET"]}}],"collection":[{"href":"https:\/\/nvnoticias.mx\/index.php\/wp-json\/wp\/v2\/posts"}],"about":[{"href":"https:\/\/nvnoticias.mx\/index.php\/wp-json\/wp\/v2\/types\/post"}],"author":[{"embeddable":true,"href":"https:\/\/nvnoticias.mx\/index.php\/wp-json\/wp\/v2\/users\/35"}],"replies":[{"embeddable":true,"href":"https:\/\/nvnoticias.mx\/index.php\/wp-json\/wp\/v2\/comments?post=211431"}],"version-history":[{"count":3,"href":"https:\/\/nvnoticias.mx\/index.php\/wp-json\/wp\/v2\/posts\/211431\/revisions"}],"predecessor-version":[{"id":211434,"href":"https:\/\/nvnoticias.mx\/index.php\/wp-json\/wp\/v2\/posts\/211431\/revisions\/211434"}],"wp:featuredmedia":[{"embeddable":true,"href":"https:\/\/nvnoticias.mx\/index.php\/wp-json\/wp\/v2\/media\/211435"}],"wp:attachment":[{"href":"https:\/\/nvnoticias.mx\/index.php\/wp-json\/wp\/v2\/media?parent=211431"}],"wp:term":[{"taxonomy":"category","embeddable":true,"href":"https:\/\/nvnoticias.mx\/index.php\/wp-json\/wp\/v2\/categories?post=211431"},{"taxonomy":"post_tag","embeddable":true,"href":"https:\/\/nvnoticias.mx\/index.php\/wp-json\/wp\/v2\/tags?post=211431"}],"curies":[{"name":"wp","href":"https:\/\/api.w.org\/{rel}","templated":true}]}}