{"id":211421,"date":"2026-03-11T12:17:30","date_gmt":"2026-03-11T18:17:30","guid":{"rendered":"https:\/\/nvnoticias.mx\/?p=211421"},"modified":"2026-03-11T12:17:37","modified_gmt":"2026-03-11T18:17:37","slug":"aun-no-hemos-terminado-la-ofensiva-contra-iran-trump","status":"publish","type":"post","link":"https:\/\/nvnoticias.mx\/index.php\/2026\/03\/11\/aun-no-hemos-terminado-la-ofensiva-contra-iran-trump\/","title":{"rendered":"\u201cA\u00fan no hemos terminado\u201d la ofensiva contra Ir\u00e1n: Trump"},"content":{"rendered":"\n<p>El presidente de Estados Unidos, Donald Trump, asegur\u00f3 que a\u00fan no ha terminado la ofensiva estadunidense contra Ir\u00e1n: &#8220;Los hemos golpeado m\u00e1s fuerte que pr\u00e1cticamente cualquier otro pa\u00eds en la historia, y a\u00fan no hemos terminado\u201d, declar\u00f3 a periodistas este mi\u00e9rcoles antes de partir hacia Ohio y Kentucky.<\/p>\n\n\n\n<p>El mandatario a\u00f1adi\u00f3 que Teher\u00e1n ha perdido sus principales capacidades militares y amenaz\u00f3 al pa\u00eds persa con m\u00e1s represalias: &#8220;Han perdido su Armada y su Fuerza A\u00e9rea. No tienen ning\u00fan aparato antia\u00e9reo\u200b\u200b\u200b. No tienen radar. Sus l\u00edderes se han ido. Y podr\u00edamos hacer cosas mucho peores&#8221;.<\/p>\n\n\n\n<p>Fuente: La <a href=\"https:\/\/www.jornada.com.mx\/noticia\/2026\/03\/11\/mundo\/aun-no-hemos-terminado-la-ofensiva-contra-iran-asegura-trump\">Jornada<\/a><\/p>\n","protected":false},"excerpt":{"rendered":"<p>El presidente de Estados Unidos, Donald Trump, asegur\u00f3 que a\u00fan no ha terminado la ofensiva estadunidense contra Ir\u00e1n: &#8220;Los hemos golpeado m\u00e1s fuerte que pr\u00e1cticamente cualquier otro pa\u00eds en la historia, y a\u00fan no hemos terminado\u201d, declar\u00f3 a periodistas este mi\u00e9rcoles antes de partir hacia Ohio y Kentucky. El mandatario a\u00f1adi\u00f3 que Teher\u00e1n ha perdido [&hellip;]<\/p>\n","protected":false},"author":35,"featured_media":211424,"comment_status":"open","ping_status":"open","sticky":false,"template":"","format":"standard","meta":{"_monsterinsights_skip_tracking":false,"_monsterinsights_sitenote_active":false,"_monsterinsights_sitenote_note":"","_monsterinsights_sitenote_category":0,"footnotes":""},"categories":[181],"tags":[230,5665],"class_list":["post-211421","post","type-post","status-publish","format-standard","has-post-thumbnail","hentry","category-internacional","tag-donald-trump","tag-iran","wp-image-borders"],"amp_enabled":true,"_links":{"self":[{"href":"https:\/\/nvnoticias.mx\/index.php\/wp-json\/wp\/v2\/posts\/211421","targetHints":{"allow":["GET"]}}],"collection":[{"href":"https:\/\/nvnoticias.mx\/index.php\/wp-json\/wp\/v2\/posts"}],"about":[{"href":"https:\/\/nvnoticias.mx\/index.php\/wp-json\/wp\/v2\/types\/post"}],"author":[{"embeddable":true,"href":"https:\/\/nvnoticias.mx\/index.php\/wp-json\/wp\/v2\/users\/35"}],"replies":[{"embeddable":true,"href":"https:\/\/nvnoticias.mx\/index.php\/wp-json\/wp\/v2\/comments?post=211421"}],"version-history":[{"count":3,"href":"https:\/\/nvnoticias.mx\/index.php\/wp-json\/wp\/v2\/posts\/211421\/revisions"}],"predecessor-version":[{"id":211425,"href":"https:\/\/nvnoticias.mx\/index.php\/wp-json\/wp\/v2\/posts\/211421\/revisions\/211425"}],"wp:featuredmedia":[{"embeddable":true,"href":"https:\/\/nvnoticias.mx\/index.php\/wp-json\/wp\/v2\/media\/211424"}],"wp:attachment":[{"href":"https:\/\/nvnoticias.mx\/index.php\/wp-json\/wp\/v2\/media?parent=211421"}],"wp:term":[{"taxonomy":"category","embeddable":true,"href":"https:\/\/nvnoticias.mx\/index.php\/wp-json\/wp\/v2\/categories?post=211421"},{"taxonomy":"post_tag","embeddable":true,"href":"https:\/\/nvnoticias.mx\/index.php\/wp-json\/wp\/v2\/tags?post=211421"}],"curies":[{"name":"wp","href":"https:\/\/api.w.org\/{rel}","templated":true}]}}