{"id":211411,"date":"2026-03-11T12:11:11","date_gmt":"2026-03-11T18:11:11","guid":{"rendered":"https:\/\/nvnoticias.mx\/?p=211411"},"modified":"2026-03-11T12:11:21","modified_gmt":"2026-03-11T18:11:21","slug":"eu-habria-atacado-escuela-de-ninas-en-iran-por-error-de-coordenadas-con-datos-desactualizados-nyt","status":"publish","type":"post","link":"https:\/\/nvnoticias.mx\/index.php\/2026\/03\/11\/eu-habria-atacado-escuela-de-ninas-en-iran-por-error-de-coordenadas-con-datos-desactualizados-nyt\/","title":{"rendered":"EU habr\u00eda atacado escuela de ni\u00f1as en Ir\u00e1n por error de coordenadas con datos desactualizados: NYT"},"content":{"rendered":"\n<p>Estados Unidos fue responsable de un ataque con un misil&nbsp;<em>Tomahawk<\/em>&nbsp;contra una escuela iran\u00ed, debido a un error en la identificaci\u00f3n del objetivo, inform\u00f3 este mi\u00e9rcoles el diario&nbsp;<em>The New York Times.<\/em><\/p>\n\n\n\n<p>Citando a funcionarios estadunidenses, el peri\u00f3dico sostuvo que la investigaci\u00f3n sobre el ataque del 28 de febrero todav\u00eda est\u00e1 en curso, pero las conclusiones preliminares apuntan hacia una responsabilidad de Estados Unidos.<\/p>\n\n\n\n<p>Seg\u00fan el peri\u00f3dico, el ej\u00e9rcito estadunidense estaba llevando a cabo ataques contra una base iran\u00ed adyacente al edificio de la escuela, que en el pasado hab\u00eda formado parte de la instalaci\u00f3n militar. Las coordenadas utilizadas para el ataque se establecieron usando datos desactualizados, inform\u00f3.<\/p>\n\n\n\n<p>Ir\u00e1n inform\u00f3 que el ataque contra la escuela primaria en la ciudad sure\u00f1a de Minab dej\u00f3 m\u00e1s de 150 muertos.<\/p>\n\n\n\n<p>El presidente, Donald Trump, declar\u00f3 este mi\u00e9rcoles que desconoce los informes que afirman que el Pent\u00e1gono fue responsable del ataque contra la escuela primaria en Minab: &#8220;no s\u00e9 nada al respecto&#8221;, asever\u00f3 el mandatario despu\u00e9s de que los periodistas le consultaron sobre el informe que concluye la responsabilidad estadunidense\u200b\u200b\u200b.<\/p>\n\n\n\n<p>Fuente: La <a href=\"https:\/\/www.jornada.com.mx\/noticia\/2026\/03\/11\/mundo\/the-new-york-times-ataque-de-eu-a-escuela-irani-fue-por-error-de-coordenadas\">Jornada<\/a><\/p>\n","protected":false},"excerpt":{"rendered":"<p>Estados Unidos fue responsable de un ataque con un misil&nbsp;Tomahawk&nbsp;contra una escuela iran\u00ed, debido a un error en la identificaci\u00f3n del objetivo, inform\u00f3 este mi\u00e9rcoles el diario&nbsp;The New York Times. Citando a funcionarios estadunidenses, el peri\u00f3dico sostuvo que la investigaci\u00f3n sobre el ataque del 28 de febrero todav\u00eda est\u00e1 en curso, pero las conclusiones preliminares [&hellip;]<\/p>\n","protected":false},"author":35,"featured_media":211412,"comment_status":"open","ping_status":"open","sticky":false,"template":"","format":"standard","meta":{"_monsterinsights_skip_tracking":false,"_monsterinsights_sitenote_active":false,"_monsterinsights_sitenote_note":"","_monsterinsights_sitenote_category":0,"footnotes":""},"categories":[181],"tags":[230,5665,4421],"class_list":["post-211411","post","type-post","status-publish","format-standard","has-post-thumbnail","hentry","category-internacional","tag-donald-trump","tag-iran","tag-new-york-times","wp-image-borders"],"amp_enabled":true,"_links":{"self":[{"href":"https:\/\/nvnoticias.mx\/index.php\/wp-json\/wp\/v2\/posts\/211411","targetHints":{"allow":["GET"]}}],"collection":[{"href":"https:\/\/nvnoticias.mx\/index.php\/wp-json\/wp\/v2\/posts"}],"about":[{"href":"https:\/\/nvnoticias.mx\/index.php\/wp-json\/wp\/v2\/types\/post"}],"author":[{"embeddable":true,"href":"https:\/\/nvnoticias.mx\/index.php\/wp-json\/wp\/v2\/users\/35"}],"replies":[{"embeddable":true,"href":"https:\/\/nvnoticias.mx\/index.php\/wp-json\/wp\/v2\/comments?post=211411"}],"version-history":[{"count":3,"href":"https:\/\/nvnoticias.mx\/index.php\/wp-json\/wp\/v2\/posts\/211411\/revisions"}],"predecessor-version":[{"id":211415,"href":"https:\/\/nvnoticias.mx\/index.php\/wp-json\/wp\/v2\/posts\/211411\/revisions\/211415"}],"wp:featuredmedia":[{"embeddable":true,"href":"https:\/\/nvnoticias.mx\/index.php\/wp-json\/wp\/v2\/media\/211412"}],"wp:attachment":[{"href":"https:\/\/nvnoticias.mx\/index.php\/wp-json\/wp\/v2\/media?parent=211411"}],"wp:term":[{"taxonomy":"category","embeddable":true,"href":"https:\/\/nvnoticias.mx\/index.php\/wp-json\/wp\/v2\/categories?post=211411"},{"taxonomy":"post_tag","embeddable":true,"href":"https:\/\/nvnoticias.mx\/index.php\/wp-json\/wp\/v2\/tags?post=211411"}],"curies":[{"name":"wp","href":"https:\/\/api.w.org\/{rel}","templated":true}]}}