{"id":211401,"date":"2026-03-11T10:27:59","date_gmt":"2026-03-11T16:27:59","guid":{"rendered":"https:\/\/nvnoticias.mx\/?p=211401"},"modified":"2026-03-11T10:28:13","modified_gmt":"2026-03-11T16:28:13","slug":"sheinbaum-declina-comentar-votacion-en-comisiones-de-reforma-electoral","status":"publish","type":"post","link":"https:\/\/nvnoticias.mx\/index.php\/2026\/03\/11\/sheinbaum-declina-comentar-votacion-en-comisiones-de-reforma-electoral\/","title":{"rendered":"Sheinbaum declina comentar votaci\u00f3n en Comisiones de reforma electoral"},"content":{"rendered":"\n<p>&nbsp;La presidenta Claudia Sheinbaum declin\u00f3 pronunciarse sobre la votaci\u00f3n en comisiones de la C\u00e1mara de Diputados sobre la reforma electoral.<\/p>\n\n\n\n<p>Ratific\u00f3 su convicci\u00f3n de que ella cumpli\u00f3 con la demanda de la poblaci\u00f3n en torno a la modificaci\u00f3n al sistema electoral y el financiamiento de los partidos pol\u00edticos. Y corresponder\u00e1 a la gente evaluar el desempe\u00f1o de los legisladores sobre esta reforma.<\/p>\n\n\n\n<p>Fuente: La <a href=\"https:\/\/www.jornada.com.mx\/noticia\/2026\/03\/11\/politica\/sheinbaum-declina-comentar-votacion-en-comisiones-de-reforma-electoral\">Jornada<\/a><\/p>\n","protected":false},"excerpt":{"rendered":"<p>&nbsp;La presidenta Claudia Sheinbaum declin\u00f3 pronunciarse sobre la votaci\u00f3n en comisiones de la C\u00e1mara de Diputados sobre la reforma electoral. Ratific\u00f3 su convicci\u00f3n de que ella cumpli\u00f3 con la demanda de la poblaci\u00f3n en torno a la modificaci\u00f3n al sistema electoral y el financiamiento de los partidos pol\u00edticos. Y corresponder\u00e1 a la gente evaluar el [&hellip;]<\/p>\n","protected":false},"author":35,"featured_media":211402,"comment_status":"open","ping_status":"open","sticky":false,"template":"","format":"standard","meta":{"_monsterinsights_skip_tracking":false,"_monsterinsights_sitenote_active":false,"_monsterinsights_sitenote_note":"","_monsterinsights_sitenote_category":0,"footnotes":""},"categories":[158],"tags":[2801,162],"class_list":["post-211401","post","type-post","status-publish","format-standard","has-post-thumbnail","hentry","category-politica","tag-claudia-sheinbaum","tag-portada","wp-image-borders"],"amp_enabled":true,"_links":{"self":[{"href":"https:\/\/nvnoticias.mx\/index.php\/wp-json\/wp\/v2\/posts\/211401","targetHints":{"allow":["GET"]}}],"collection":[{"href":"https:\/\/nvnoticias.mx\/index.php\/wp-json\/wp\/v2\/posts"}],"about":[{"href":"https:\/\/nvnoticias.mx\/index.php\/wp-json\/wp\/v2\/types\/post"}],"author":[{"embeddable":true,"href":"https:\/\/nvnoticias.mx\/index.php\/wp-json\/wp\/v2\/users\/35"}],"replies":[{"embeddable":true,"href":"https:\/\/nvnoticias.mx\/index.php\/wp-json\/wp\/v2\/comments?post=211401"}],"version-history":[{"count":3,"href":"https:\/\/nvnoticias.mx\/index.php\/wp-json\/wp\/v2\/posts\/211401\/revisions"}],"predecessor-version":[{"id":211405,"href":"https:\/\/nvnoticias.mx\/index.php\/wp-json\/wp\/v2\/posts\/211401\/revisions\/211405"}],"wp:featuredmedia":[{"embeddable":true,"href":"https:\/\/nvnoticias.mx\/index.php\/wp-json\/wp\/v2\/media\/211402"}],"wp:attachment":[{"href":"https:\/\/nvnoticias.mx\/index.php\/wp-json\/wp\/v2\/media?parent=211401"}],"wp:term":[{"taxonomy":"category","embeddable":true,"href":"https:\/\/nvnoticias.mx\/index.php\/wp-json\/wp\/v2\/categories?post=211401"},{"taxonomy":"post_tag","embeddable":true,"href":"https:\/\/nvnoticias.mx\/index.php\/wp-json\/wp\/v2\/tags?post=211401"}],"curies":[{"name":"wp","href":"https:\/\/api.w.org\/{rel}","templated":true}]}}