{"id":211396,"date":"2026-03-11T10:25:05","date_gmt":"2026-03-11T16:25:05","guid":{"rendered":"https:\/\/nvnoticias.mx\/?p=211396"},"modified":"2026-03-11T10:25:14","modified_gmt":"2026-03-11T16:25:14","slug":"sheinbaum-rendira-homenaje-a-25-guardias-nacionales-caidos-en-operativo-contra-el-mencho","status":"publish","type":"post","link":"https:\/\/nvnoticias.mx\/index.php\/2026\/03\/11\/sheinbaum-rendira-homenaje-a-25-guardias-nacionales-caidos-en-operativo-contra-el-mencho\/","title":{"rendered":"Sheinbaum rendir\u00e1 homenaje a 25 guardias nacionales ca\u00eddos en operativo contra &#8216;El Mencho&#8217;"},"content":{"rendered":"\n<p>La presidenta, Claudia Sheinbaum Pardo, rendir\u00e1 &nbsp;hoy un homenaje en el Campo Marte a los 25 guardias nacionales que fallecieron en el operativo contra el l\u00edder del c\u00e1rtel Jalisco&nbsp;<em>Nueva Generaci\u00f3n<\/em>, &nbsp;Nemesio Oseguera.<\/p>\n\n\n\n<p>La ceremonia se realizar\u00e1 a las 10:30 horas en privado por respeto a las familias, dijo la presidenta Sheinbaum Pardo en la ma\u00f1anera.<\/p>\n\n\n\n<p>El lunes 23, al d\u00eda siguiente de la jornada violenta que gener\u00f3 el enfrentamiento entre fuerzas federales e integrantes del<em>\u00a0CJNG<\/em>, el titular de la Defensa, general Ricardo Trevilla, inform\u00f3 del fallecimiento de los 25 elementos de la Guardia Nacional, adem\u00e1s de un custodio, un elemento de la fiscal\u00eda del estado y una civil en el intercambio de disparos.\u00a0<br><\/p>\n\n\n\n<p>Fuente: La <a href=\"https:\/\/www.jornada.com.mx\/noticia\/2026\/03\/11\/politica\/sheinbaum-rendira-homenaje-a-25-guardias-nacionales-caidos-en-operativo-contra-el-mencho\">Jornada<\/a><\/p>\n","protected":false},"excerpt":{"rendered":"<p>La presidenta, Claudia Sheinbaum Pardo, rendir\u00e1 &nbsp;hoy un homenaje en el Campo Marte a los 25 guardias nacionales que fallecieron en el operativo contra el l\u00edder del c\u00e1rtel Jalisco&nbsp;Nueva Generaci\u00f3n, &nbsp;Nemesio Oseguera. La ceremonia se realizar\u00e1 a las 10:30 horas en privado por respeto a las familias, dijo la presidenta Sheinbaum Pardo en la ma\u00f1anera. [&hellip;]<\/p>\n","protected":false},"author":35,"featured_media":211397,"comment_status":"open","ping_status":"open","sticky":false,"template":"","format":"standard","meta":{"_monsterinsights_skip_tracking":false,"_monsterinsights_sitenote_active":false,"_monsterinsights_sitenote_note":"","_monsterinsights_sitenote_category":0,"footnotes":""},"categories":[158],"tags":[2801,162],"class_list":["post-211396","post","type-post","status-publish","format-standard","has-post-thumbnail","hentry","category-politica","tag-claudia-sheinbaum","tag-portada","wp-image-borders"],"amp_enabled":true,"_links":{"self":[{"href":"https:\/\/nvnoticias.mx\/index.php\/wp-json\/wp\/v2\/posts\/211396","targetHints":{"allow":["GET"]}}],"collection":[{"href":"https:\/\/nvnoticias.mx\/index.php\/wp-json\/wp\/v2\/posts"}],"about":[{"href":"https:\/\/nvnoticias.mx\/index.php\/wp-json\/wp\/v2\/types\/post"}],"author":[{"embeddable":true,"href":"https:\/\/nvnoticias.mx\/index.php\/wp-json\/wp\/v2\/users\/35"}],"replies":[{"embeddable":true,"href":"https:\/\/nvnoticias.mx\/index.php\/wp-json\/wp\/v2\/comments?post=211396"}],"version-history":[{"count":3,"href":"https:\/\/nvnoticias.mx\/index.php\/wp-json\/wp\/v2\/posts\/211396\/revisions"}],"predecessor-version":[{"id":211400,"href":"https:\/\/nvnoticias.mx\/index.php\/wp-json\/wp\/v2\/posts\/211396\/revisions\/211400"}],"wp:featuredmedia":[{"embeddable":true,"href":"https:\/\/nvnoticias.mx\/index.php\/wp-json\/wp\/v2\/media\/211397"}],"wp:attachment":[{"href":"https:\/\/nvnoticias.mx\/index.php\/wp-json\/wp\/v2\/media?parent=211396"}],"wp:term":[{"taxonomy":"category","embeddable":true,"href":"https:\/\/nvnoticias.mx\/index.php\/wp-json\/wp\/v2\/categories?post=211396"},{"taxonomy":"post_tag","embeddable":true,"href":"https:\/\/nvnoticias.mx\/index.php\/wp-json\/wp\/v2\/tags?post=211396"}],"curies":[{"name":"wp","href":"https:\/\/api.w.org\/{rel}","templated":true}]}}