{"id":211390,"date":"2026-03-10T15:14:35","date_gmt":"2026-03-10T21:14:35","guid":{"rendered":"https:\/\/nvnoticias.mx\/?p=211390"},"modified":"2026-03-10T15:14:43","modified_gmt":"2026-03-10T21:14:43","slug":"por-retraso-en-obras-de-rehabilitacion-de-kinder-padres-cierran-el-centro-de-xalapa","status":"publish","type":"post","link":"https:\/\/nvnoticias.mx\/index.php\/2026\/03\/10\/por-retraso-en-obras-de-rehabilitacion-de-kinder-padres-cierran-el-centro-de-xalapa\/","title":{"rendered":"Por retraso en obras de rehabilitaci\u00f3n de kinder, padres cierran el centro de Xalapa"},"content":{"rendered":"\n<p><\/p>\n\n\n\n<p><strong>Sam Ojeda \/ NV Noticias<\/strong><\/p>\n\n\n\n<p>Xalapa.- Padres de familia del Jard\u00edn de Ni\u00f1os Morelos bloquearon la ma\u00f1ana de este martes la avenida Juan de la Luz Enr\u00edquez para exigir a las autoridades educativas concluir la rehabilitaci\u00f3n del plantel, cuyos trabajos comenzaron en septiembre del a\u00f1o pasado y que debieron terminar en un plazo de dos meses.<\/p>\n\n\n\n<p>La protesta ocurri\u00f3 luego de que las obras acumularan casi medio a\u00f1o de retraso, lo que ha obligado a que los alumnos contin\u00faen tomando clases en otras escuelas.<\/p>\n\n\n\n<p>Una de las madres inconformes, Natasha Vel\u00e1squez, se\u00f1al\u00f3 que las familias han solicitado informaci\u00f3n sobre el avance del proyecto, pero hasta ahora no han recibido respuestas concretas.<\/p>\n\n\n\n<p>\u201cDesde septiembre comenzaron los trabajos en el jard\u00edn y se supon\u00eda que durar\u00edan dos meses. Ya estamos en marzo y no hay para cu\u00e1ndo nos entreguen la obra. No hay un responsable claro y solo nos traen de un lado a otro\u201d.<\/p>\n\n\n\n<p>Los padres explicaron que los trabajos contemplaban mantenimiento general del plantel, como pintura, impermeabilizaci\u00f3n y mejoras en la instalaci\u00f3n el\u00e9ctrica; sin embargo, denunciaron que dentro de la escuela existen al menos tres aulas catalogadas como de alto riesgo, sobre las cuales no se ha emitido un dictamen t\u00e9cnico.<\/p>\n\n\n\n<p>Vel\u00e1squez afirm\u00f3 que personal de la Secretar\u00eda de Educaci\u00f3n deb\u00eda acudir a realizar una evaluaci\u00f3n formal, pero dicha revisi\u00f3n nunca se concret\u00f3.<\/p>\n\n\n\n<p>Mientras las obras permanecen inconclusas, los estudiantes han sido reubicados temporalmente en otros planteles, entre ellos los jardines de ni\u00f1os Esperanza Osorio y Virginia, que han facilitado espacios para continuar con las clases.<\/p>\n\n\n\n<p>No obstante, los padres se\u00f1alaron que esta situaci\u00f3n ha tenido consecuencias en la matr\u00edcula escolar.<\/p>\n\n\n\n<p>\u201cEstamos agradecidos con las escuelas que nos han abierto las puertas para que nuestros ni\u00f1os puedan tomar clases, pero lo que queremos es regresar a nuestro plantel y que tengan un espacio digno para su educaci\u00f3n\u201d.<\/p>\n\n\n\n<p>De acuerdo con los inconformes, la matr\u00edcula del plantel se ha reducido cerca de 20 por ciento debido a la incertidumbre por el retraso de las obras.<\/p>\n\n\n\n<p>Durante la manifestaci\u00f3n, los padres indicaron que la empresa responsable de los trabajos es Catver, mientras que el proyecto estar\u00eda vinculado con el \u00e1rea estatal de Espacios Educativos.<\/p>\n\n\n\n<p>Al lugar acudi\u00f3 el director de Educaci\u00f3n Municipal para dialogar con los manifestantes; sin embargo, las familias se\u00f1alaron que est\u00e1n cansadas de reuniones y oficios sin resultados.<\/p>\n\n\n\n<p>\u201cExigimos que quien tenga que dar la cara lo haga y que nos den claridad sobre esta obra. Nuestros ni\u00f1os merecen un espacio digno para su formaci\u00f3n\u201d, concluy\u00f3 Vel\u00e1squez.<\/p>\n\n\n\n<p><\/p>\n","protected":false},"excerpt":{"rendered":"<p>Sam Ojeda \/ NV Noticias Xalapa.- Padres de familia del Jard\u00edn de Ni\u00f1os Morelos bloquearon la ma\u00f1ana de este martes la avenida Juan de la Luz Enr\u00edquez para exigir a las autoridades educativas concluir la rehabilitaci\u00f3n del plantel, cuyos trabajos comenzaron en septiembre del a\u00f1o pasado y que debieron terminar en un plazo de dos [&hellip;]<\/p>\n","protected":false},"author":8,"featured_media":211391,"comment_status":"open","ping_status":"open","sticky":false,"template":"","format":"standard","meta":{"_monsterinsights_skip_tracking":false,"_monsterinsights_sitenote_active":false,"_monsterinsights_sitenote_note":"","_monsterinsights_sitenote_category":0,"footnotes":""},"categories":[156],"tags":[13004,2524,367,9759,312],"class_list":["post-211390","post","type-post","status-publish","format-standard","has-post-thumbnail","hentry","category-estado","tag-kinder","tag-obra","tag-rehabilitacion","tag-retraso","tag-xalapa","wp-image-borders"],"amp_enabled":true,"_links":{"self":[{"href":"https:\/\/nvnoticias.mx\/index.php\/wp-json\/wp\/v2\/posts\/211390","targetHints":{"allow":["GET"]}}],"collection":[{"href":"https:\/\/nvnoticias.mx\/index.php\/wp-json\/wp\/v2\/posts"}],"about":[{"href":"https:\/\/nvnoticias.mx\/index.php\/wp-json\/wp\/v2\/types\/post"}],"author":[{"embeddable":true,"href":"https:\/\/nvnoticias.mx\/index.php\/wp-json\/wp\/v2\/users\/8"}],"replies":[{"embeddable":true,"href":"https:\/\/nvnoticias.mx\/index.php\/wp-json\/wp\/v2\/comments?post=211390"}],"version-history":[{"count":1,"href":"https:\/\/nvnoticias.mx\/index.php\/wp-json\/wp\/v2\/posts\/211390\/revisions"}],"predecessor-version":[{"id":211392,"href":"https:\/\/nvnoticias.mx\/index.php\/wp-json\/wp\/v2\/posts\/211390\/revisions\/211392"}],"wp:featuredmedia":[{"embeddable":true,"href":"https:\/\/nvnoticias.mx\/index.php\/wp-json\/wp\/v2\/media\/211391"}],"wp:attachment":[{"href":"https:\/\/nvnoticias.mx\/index.php\/wp-json\/wp\/v2\/media?parent=211390"}],"wp:term":[{"taxonomy":"category","embeddable":true,"href":"https:\/\/nvnoticias.mx\/index.php\/wp-json\/wp\/v2\/categories?post=211390"},{"taxonomy":"post_tag","embeddable":true,"href":"https:\/\/nvnoticias.mx\/index.php\/wp-json\/wp\/v2\/tags?post=211390"}],"curies":[{"name":"wp","href":"https:\/\/api.w.org\/{rel}","templated":true}]}}