{"id":211387,"date":"2026-03-10T15:12:00","date_gmt":"2026-03-10T21:12:00","guid":{"rendered":"https:\/\/nvnoticias.mx\/?p=211387"},"modified":"2026-03-10T15:12:07","modified_gmt":"2026-03-10T21:12:07","slug":"prometen-saldar-adeudo-a-trabajadores-de-takhil-sukut-antes-de-cumbre-tajin","status":"publish","type":"post","link":"https:\/\/nvnoticias.mx\/index.php\/2026\/03\/10\/prometen-saldar-adeudo-a-trabajadores-de-takhil-sukut-antes-de-cumbre-tajin\/","title":{"rendered":"Prometen saldar adeudo a trabajadores de Takhil Sukut antes de Cumbre Taj\u00edn"},"content":{"rendered":"\n<p><\/p>\n\n\n\n<p><strong>Sam Ojeda \/ NV Noticias<\/strong><\/p>\n\n\n\n<p>Xalapa.- El secretario de Turismo de Veracruz, Igor Rojo L\u00f3pez, asegur\u00f3 que a m\u00e1s tardar este martes quedar\u00e1n pagadas las n\u00f3minas pendientes de trabajadores del parque Takhil Sukut, sede de la Cumbre Taj\u00edn, luego de reconocer que existe un retraso en los salarios correspondiente a los meses de enero y febrero.<\/p>\n\n\n\n<p>El funcionario atribuy\u00f3 el atraso a tr\u00e1mites administrativos relacionados con el fideicomiso que administra el recinto, mecanismo a trav\u00e9s del cual se canalizan los recursos para la operaci\u00f3n del parque.<\/p>\n\n\n\n<p>\u201cEntre hoy y ma\u00f1ana est\u00e1n pagadas las n\u00f3minas de enero y febrero; son alrededor de 70 trabajadores y a partir de ah\u00ed se regulariza el resto del a\u00f1o, ya no habr\u00e1 retrasos\u201d.<\/p>\n\n\n\n<p>Rojo L\u00f3pez explic\u00f3 que el dinero para cubrir los sueldos fue entregado por la Secretar\u00eda de Finanzas, pero el pago qued\u00f3 detenido por un procedimiento que debe cumplir el fideicomiso ante la instituci\u00f3n bancaria que lo opera.<\/p>\n\n\n\n<p>\u201cEl dinero est\u00e1, la Secretar\u00eda de Finanzas ha dado los recursos en tiempo y forma, pero es precisamente una parte burocr\u00e1tica del fideicomiso lo que ha detenido el pago\u201d.<\/p>\n\n\n\n<p>Detall\u00f3 que el retraso surgi\u00f3 tras nuevas disposiciones administrativas aplicadas a inicios de a\u00f1o.<\/p>\n\n\n\n<p>\u201cEn enero y febrero se dio una nueva disposici\u00f3n en cuanto al tema del fideicomiso; tenemos que sesionar y presentar ante el banco del fideicomiso todas las actas de este a\u00f1o de operaciones y eso se ha retrasado\u201d.<\/p>\n\n\n\n<p>El titular de Turismo record\u00f3 que cuando asumi\u00f3 el cargo encontr\u00f3 un adeudo previo que logr\u00f3 regularizar hacia finales del a\u00f1o pasado.<\/p>\n\n\n\n<p>\u201cCuando llegu\u00e9 s\u00ed hab\u00eda un retraso grave, regularizamos la situaci\u00f3n y hasta diciembre pudimos pagar todo bien, tuvimos al corriente las n\u00f3minas\u201d.<\/p>\n\n\n\n<p>Afirm\u00f3 que los pagos pendientes se cubrir\u00e1n antes del inicio de la Cumbre Taj\u00edn, evento cultural que se realiza en Papantla y que cada a\u00f1o atrae a visitantes nacionales e internacionales.<\/p>\n\n\n\n<p>Sobre el panorama tur\u00edstico previo al festival, el funcionario se\u00f1al\u00f3 que la demanda de hospedaje en la zona norte del estado ya es alta, especialmente en Papantla.<\/p>\n\n\n\n<p>\u201cLa ocupaci\u00f3n hotelera va muy bien en esa zona, pero tenemos muy pocos cuartos de hotel; la verdad es que mucha de la gente tiene que parar en Poza Rica\u201d.<\/p>\n\n\n\n<p>Indic\u00f3 que los hoteles en Papantla ya se encuentran totalmente reservados, por lo que visitantes y organizadores han optado por alojarse en municipios cercanos.<\/p>\n\n\n\n<p>\u201cLos cuartos que est\u00e1n en la zona de Papantla est\u00e1n al 100 por ciento reservados; como Secretar\u00eda de Turismo vamos a parar en Poza Rica porque no hay habitaciones disponibles en Papantla\u201d.<\/p>\n","protected":false},"excerpt":{"rendered":"<p>Sam Ojeda \/ NV Noticias Xalapa.- El secretario de Turismo de Veracruz, Igor Rojo L\u00f3pez, asegur\u00f3 que a m\u00e1s tardar este martes quedar\u00e1n pagadas las n\u00f3minas pendientes de trabajadores del parque Takhil Sukut, sede de la Cumbre Taj\u00edn, luego de reconocer que existe un retraso en los salarios correspondiente a los meses de enero y [&hellip;]<\/p>\n","protected":false},"author":8,"featured_media":211388,"comment_status":"open","ping_status":"open","sticky":false,"template":"","format":"standard","meta":{"_monsterinsights_skip_tracking":false,"_monsterinsights_sitenote_active":false,"_monsterinsights_sitenote_note":"","_monsterinsights_sitenote_category":0,"footnotes":""},"categories":[156],"tags":[5925,33138,941],"class_list":["post-211387","post","type-post","status-publish","format-standard","has-post-thumbnail","hentry","category-estado","tag-adeudo","tag-takhil-sukut","tag-trabajadores","wp-image-borders"],"amp_enabled":true,"_links":{"self":[{"href":"https:\/\/nvnoticias.mx\/index.php\/wp-json\/wp\/v2\/posts\/211387","targetHints":{"allow":["GET"]}}],"collection":[{"href":"https:\/\/nvnoticias.mx\/index.php\/wp-json\/wp\/v2\/posts"}],"about":[{"href":"https:\/\/nvnoticias.mx\/index.php\/wp-json\/wp\/v2\/types\/post"}],"author":[{"embeddable":true,"href":"https:\/\/nvnoticias.mx\/index.php\/wp-json\/wp\/v2\/users\/8"}],"replies":[{"embeddable":true,"href":"https:\/\/nvnoticias.mx\/index.php\/wp-json\/wp\/v2\/comments?post=211387"}],"version-history":[{"count":1,"href":"https:\/\/nvnoticias.mx\/index.php\/wp-json\/wp\/v2\/posts\/211387\/revisions"}],"predecessor-version":[{"id":211389,"href":"https:\/\/nvnoticias.mx\/index.php\/wp-json\/wp\/v2\/posts\/211387\/revisions\/211389"}],"wp:featuredmedia":[{"embeddable":true,"href":"https:\/\/nvnoticias.mx\/index.php\/wp-json\/wp\/v2\/media\/211388"}],"wp:attachment":[{"href":"https:\/\/nvnoticias.mx\/index.php\/wp-json\/wp\/v2\/media?parent=211387"}],"wp:term":[{"taxonomy":"category","embeddable":true,"href":"https:\/\/nvnoticias.mx\/index.php\/wp-json\/wp\/v2\/categories?post=211387"},{"taxonomy":"post_tag","embeddable":true,"href":"https:\/\/nvnoticias.mx\/index.php\/wp-json\/wp\/v2\/tags?post=211387"}],"curies":[{"name":"wp","href":"https:\/\/api.w.org\/{rel}","templated":true}]}}