{"id":211372,"date":"2026-03-10T15:03:08","date_gmt":"2026-03-10T21:03:08","guid":{"rendered":"https:\/\/nvnoticias.mx\/?p=211372"},"modified":"2026-03-10T15:03:17","modified_gmt":"2026-03-10T21:03:17","slug":"ni-la-cuota-compensatoria-impuesta-por-eu-afecto-al-jitomate-mexicano-sheinbaum","status":"publish","type":"post","link":"https:\/\/nvnoticias.mx\/index.php\/2026\/03\/10\/ni-la-cuota-compensatoria-impuesta-por-eu-afecto-al-jitomate-mexicano-sheinbaum\/","title":{"rendered":"Ni la cuota compensatoria impuesta por EU afect\u00f3 al jitomate mexicano: Sheinbaum"},"content":{"rendered":"\n<p><em>&nbsp;<\/em>La presidenta Claudia Sheinbaum Pardo sostuvo que la inflaci\u00f3n (que en febrero alcanz\u00f3 4.02 por ciento) tiene que ver con el precio del jitomate debido a que por las heladas en Estados Unidos este producto nacional ha sido demandado en ese pa\u00eds, a pesar de la cuota compensatoria impuesta por la administraci\u00f3n de Donald Trump.<\/p>\n\n\n\n<p>\u201cPor cierto que el jitomate mexicano se est\u00e1 vendiendo, como hubo helada en Florida\u2026 La inflaci\u00f3n tiene que ver con el precio del jitomate. Como hubo helada en Estados Unidos, (ese producto) se est\u00e1 yendo para all\u00e1. Ni la cuota compensatoria (de 17.09 por ciento impuesta desde julio de 2025) afect\u00f3 al jitomate mexicano, el mejor jitomate del mundo\u201d, se\u00f1al\u00f3 la mandataria en la ma\u00f1anera de este martes.<\/p>\n\n\n\n<p>Respecto a las negociaciones para la revisi\u00f3n del Tratado M\u00e9xico, Estados Unidos y Canad\u00e1 (T-MEC), que inician este a\u00f1o, la jefa del Ejecutivo federal plante\u00f3 que el inter\u00e9s de su gobierno es que se disminuyan los aranceles decretados por Trump, \u201co de plano todo aquello que cumpla con las reglas de origen, que est\u00e1n en el llamado capitulo 232 que subieron aranceles en Estados Unidos, que se quiten esos aranceles, que tienen que ver con acero y aluminio, principalmente, y la disminuci\u00f3n en el caso de los veh\u00edculos\u201d.<\/p>\n\n\n\n<p>Sobre las tasas a los autom\u00f3viles, se\u00f1al\u00f3 que su gobierno trabaja para que sea de cero el arancel, y en caso que no se alcance esa meta, \u201cque no haya mayor cuota a los veh\u00edculos de M\u00e9xico, los que no est\u00e1n en el tratado, que los que se hacen en Europa o Corea, que son a lo que ellos han llegado\u201d.<\/p>\n\n\n\n<p>Afirm\u00f3 que es lo que M\u00e9xico ha pedido a Estados Unidos. Se ha hecho en las llamadas que han tenido ambos mandatarios, dijo, as\u00ed como en las mesas de negociaciones entre secretarios del ramo.<\/p>\n\n\n\n<p>Sheinbaum Pardo insisti\u00f3 que \u201cpara beneficio de ambos pa\u00edses, las tarifas no deben existir\u201d.<\/p>\n\n\n\n<p>Se\u00f1al\u00f3 que as\u00ed como 78.5 por ciento de los representantes de las entidades federativas mexicanas que participaron en la consulta sobre la renegociaci\u00f3n del T-MEC est\u00e1n de acuerdo en renovarlo, un porcentaje similar de empresarios de Estados Unidos se pronuncian por el mismo objetivo.<\/p>\n\n\n\n<p>\u201cAfortunadamente el porcentaje de empresarios estadunidenses que quiere el Tratado es de como de 80 por ciento, porque hay mucha integraci\u00f3n econ\u00f3mica con Canad\u00e1, Estados Unidos y M\u00e9xico\u201d.<\/p>\n\n\n\n<p>Fuente: La <a href=\"https:\/\/www.jornada.com.mx\/noticia\/2026\/03\/10\/economia\/ni-la-cuota-compensatoria-impuesta-por-eu-afecto-al-jitomate-mexicano-sheinbaum\">Jornada<\/a><\/p>\n","protected":false},"excerpt":{"rendered":"<p>&nbsp;La presidenta Claudia Sheinbaum Pardo sostuvo que la inflaci\u00f3n (que en febrero alcanz\u00f3 4.02 por ciento) tiene que ver con el precio del jitomate debido a que por las heladas en Estados Unidos este producto nacional ha sido demandado en ese pa\u00eds, a pesar de la cuota compensatoria impuesta por la administraci\u00f3n de Donald Trump. [&hellip;]<\/p>\n","protected":false},"author":35,"featured_media":211378,"comment_status":"open","ping_status":"open","sticky":false,"template":"","format":"standard","meta":{"_monsterinsights_skip_tracking":false,"_monsterinsights_sitenote_active":false,"_monsterinsights_sitenote_note":"","_monsterinsights_sitenote_category":0,"footnotes":""},"categories":[157],"tags":[2801,183,292,162],"class_list":["post-211372","post","type-post","status-publish","format-standard","has-post-thumbnail","hentry","category-nacional","tag-claudia-sheinbaum","tag-estados-unidos","tag-mexico","tag-portada","wp-image-borders"],"amp_enabled":true,"_links":{"self":[{"href":"https:\/\/nvnoticias.mx\/index.php\/wp-json\/wp\/v2\/posts\/211372","targetHints":{"allow":["GET"]}}],"collection":[{"href":"https:\/\/nvnoticias.mx\/index.php\/wp-json\/wp\/v2\/posts"}],"about":[{"href":"https:\/\/nvnoticias.mx\/index.php\/wp-json\/wp\/v2\/types\/post"}],"author":[{"embeddable":true,"href":"https:\/\/nvnoticias.mx\/index.php\/wp-json\/wp\/v2\/users\/35"}],"replies":[{"embeddable":true,"href":"https:\/\/nvnoticias.mx\/index.php\/wp-json\/wp\/v2\/comments?post=211372"}],"version-history":[{"count":3,"href":"https:\/\/nvnoticias.mx\/index.php\/wp-json\/wp\/v2\/posts\/211372\/revisions"}],"predecessor-version":[{"id":211381,"href":"https:\/\/nvnoticias.mx\/index.php\/wp-json\/wp\/v2\/posts\/211372\/revisions\/211381"}],"wp:featuredmedia":[{"embeddable":true,"href":"https:\/\/nvnoticias.mx\/index.php\/wp-json\/wp\/v2\/media\/211378"}],"wp:attachment":[{"href":"https:\/\/nvnoticias.mx\/index.php\/wp-json\/wp\/v2\/media?parent=211372"}],"wp:term":[{"taxonomy":"category","embeddable":true,"href":"https:\/\/nvnoticias.mx\/index.php\/wp-json\/wp\/v2\/categories?post=211372"},{"taxonomy":"post_tag","embeddable":true,"href":"https:\/\/nvnoticias.mx\/index.php\/wp-json\/wp\/v2\/tags?post=211372"}],"curies":[{"name":"wp","href":"https:\/\/api.w.org\/{rel}","templated":true}]}}