{"id":211367,"date":"2026-03-10T14:55:47","date_gmt":"2026-03-10T20:55:47","guid":{"rendered":"https:\/\/nvnoticias.mx\/?p=211367"},"modified":"2026-03-10T14:55:58","modified_gmt":"2026-03-10T20:55:58","slug":"embajada-de-mexico-en-iran-operara-temporalmente-de-forma-virtual","status":"publish","type":"post","link":"https:\/\/nvnoticias.mx\/index.php\/2026\/03\/10\/embajada-de-mexico-en-iran-operara-temporalmente-de-forma-virtual\/","title":{"rendered":"Embajada de M\u00e9xico en Ir\u00e1n operar\u00e1 temporalmente de forma virtual"},"content":{"rendered":"\n<p>La Embajada de M\u00e9xico en Ir\u00e1n inform\u00f3 este martes que, debido a la situaci\u00f3n que prevalece en ese pa\u00eds, sus instalaciones permanecer\u00e1n cerradas y operar\u00e1n temporalmente de manera remota, mientras se realiza la reubicaci\u00f3n f\u00edsica de la sede diplom\u00e1tica.<\/p>\n\n\n\n<p>En un aviso dirigido a la comunidad mexicana, la representaci\u00f3n se\u00f1al\u00f3 que \u201cdebido a la situaci\u00f3n que prevalece en el pa\u00eds, la Embajada permanecer\u00e1 cerrada y operar\u00e1 temporalmente de manera remota\u201d.<\/p>\n\n\n\n<p>Indic\u00f3 que, pese al cierre de las oficinas, la Secci\u00f3n Consular continuar\u00e1 brindando asistencia y protecci\u00f3n a los connacionales que lo requieran. \u201cLa Secci\u00f3n Consular seguir\u00e1 pendiente de la asistencia y protecci\u00f3n a mexicanos\u201d, subray\u00f3 la legaci\u00f3n diplom\u00e1tica.<\/p>\n\n\n\n<p>La embajada puso a disposici\u00f3n de los ciudadanos mexicanos un n\u00famero telef\u00f3nico y una direcci\u00f3n de correo electr\u00f3nico para atender emergencias y consultas consulares.<\/p>\n\n\n\n<p>Asimismo, precis\u00f3 que, por la reubicaci\u00f3n f\u00edsica de la representaci\u00f3n diplom\u00e1tica, los tr\u00e1mites consulares presenciales se encuentran suspendidos de manera temporal. En caso de requerir atenci\u00f3n presencial, recomend\u00f3 a los mexicanos acudir a la sede consular m\u00e1s cercana disponible en la regi\u00f3n.<\/p>\n\n\n\n<p>Fuente: La <a href=\"https:\/\/www.jornada.com.mx\/noticia\/2026\/03\/10\/politica\/embajada-de-mexico-en-iran-operara-temporalmente-de-forma-virtual-reubicaran-sede-por-conflicto\">Jornada<\/a><\/p>\n","protected":false},"excerpt":{"rendered":"<p>La Embajada de M\u00e9xico en Ir\u00e1n inform\u00f3 este martes que, debido a la situaci\u00f3n que prevalece en ese pa\u00eds, sus instalaciones permanecer\u00e1n cerradas y operar\u00e1n temporalmente de manera remota, mientras se realiza la reubicaci\u00f3n f\u00edsica de la sede diplom\u00e1tica. En un aviso dirigido a la comunidad mexicana, la representaci\u00f3n se\u00f1al\u00f3 que \u201cdebido a la situaci\u00f3n [&hellip;]<\/p>\n","protected":false},"author":35,"featured_media":211370,"comment_status":"open","ping_status":"open","sticky":false,"template":"","format":"standard","meta":{"_monsterinsights_skip_tracking":false,"_monsterinsights_sitenote_active":false,"_monsterinsights_sitenote_note":"","_monsterinsights_sitenote_category":0,"footnotes":""},"categories":[158],"tags":[5665,252,162],"class_list":["post-211367","post","type-post","status-publish","format-standard","has-post-thumbnail","hentry","category-politica","tag-iran","tag-morena","tag-portada","wp-image-borders"],"amp_enabled":true,"_links":{"self":[{"href":"https:\/\/nvnoticias.mx\/index.php\/wp-json\/wp\/v2\/posts\/211367","targetHints":{"allow":["GET"]}}],"collection":[{"href":"https:\/\/nvnoticias.mx\/index.php\/wp-json\/wp\/v2\/posts"}],"about":[{"href":"https:\/\/nvnoticias.mx\/index.php\/wp-json\/wp\/v2\/types\/post"}],"author":[{"embeddable":true,"href":"https:\/\/nvnoticias.mx\/index.php\/wp-json\/wp\/v2\/users\/35"}],"replies":[{"embeddable":true,"href":"https:\/\/nvnoticias.mx\/index.php\/wp-json\/wp\/v2\/comments?post=211367"}],"version-history":[{"count":3,"href":"https:\/\/nvnoticias.mx\/index.php\/wp-json\/wp\/v2\/posts\/211367\/revisions"}],"predecessor-version":[{"id":211371,"href":"https:\/\/nvnoticias.mx\/index.php\/wp-json\/wp\/v2\/posts\/211367\/revisions\/211371"}],"wp:featuredmedia":[{"embeddable":true,"href":"https:\/\/nvnoticias.mx\/index.php\/wp-json\/wp\/v2\/media\/211370"}],"wp:attachment":[{"href":"https:\/\/nvnoticias.mx\/index.php\/wp-json\/wp\/v2\/media?parent=211367"}],"wp:term":[{"taxonomy":"category","embeddable":true,"href":"https:\/\/nvnoticias.mx\/index.php\/wp-json\/wp\/v2\/categories?post=211367"},{"taxonomy":"post_tag","embeddable":true,"href":"https:\/\/nvnoticias.mx\/index.php\/wp-json\/wp\/v2\/tags?post=211367"}],"curies":[{"name":"wp","href":"https:\/\/api.w.org\/{rel}","templated":true}]}}