{"id":21136,"date":"2021-08-13T09:32:56","date_gmt":"2021-08-13T14:32:56","guid":{"rendered":"https:\/\/nvnoticias.mx\/?p=21136"},"modified":"2021-08-13T14:43:43","modified_gmt":"2021-08-13T19:43:43","slug":"franco-escamilla-da-positivo-a-covid-19","status":"publish","type":"post","link":"https:\/\/nvnoticias.mx\/index.php\/2021\/08\/13\/franco-escamilla-da-positivo-a-covid-19\/","title":{"rendered":"Franco Escamilla da positivo a Covid-19"},"content":{"rendered":"\n<p>A trav\u00e9s de su cuenta en Twitter, el comediante inform\u00f3 a sus fans que est\u00e1 enfermo de coronavirus SARS-CoV-2.<\/p>\n\n\n\n<p>A la lista de famosos que se han visto afectados en meses recientes por el\u00a0covid-19, donde figuran\u00a0Paty Navidad,\u00a0Laura Flores\u00a0y\u00a0Larry Hern\u00e1ndez,\u00a0se sum\u00f3\u00a0el comediante Franco Escamilla,\u00a0pues este jueves dio a conocer que\u00a0dio positivo al virus. A trav\u00e9s de su cuenta en Twitter, el tambi\u00e9n cantante y youtuber inform\u00f3 a sus fans que contrajo el\u00a0coronavirus SARS-CoV-2, por lo que se tomar\u00e1\u00a02 semanas de descanso.<\/p>\n\n\n\n<blockquote class=\"twitter-tweet\"><p lang=\"es\" dir=\"ltr\">FAMILIA:<br>2 noticias, una buena y una mala.<br>LA MALA: Sal\u00ed positivo a COVID <br>LA BUENA: Me la est\u00e1 pelando de formas descomunales <br>Se vienen dos semanitas de vacaciones <a href=\"https:\/\/t.co\/II2EPvTA5S\">pic.twitter.com\/II2EPvTA5S<\/a><\/p>\u2014 Franco Escamilla (@franco_esca) <a href=\"https:\/\/twitter.com\/franco_esca\/status\/1425962397353795587?ref_src=twsrc%5Etfw\">August 12, 2021<\/a><\/blockquote> <script async=\"\" src=\"https:\/\/platform.twitter.com\/widgets.js\" charset=\"utf-8\"><\/script>\n\n\n\n<p>A su mensaje, el&nbsp;humorista&nbsp;le agreg\u00f3 una fotograf\u00eda donde&nbsp;aparece acostado en su cama y muestra un semblante cansado, aunque con los pulgares arriba, se\u00f1al de su buen \u00e1nimo ante la enfermedad.<\/p>\n\n\n\n<p>Destaca que sus fans de inmediato le manifestaron buenos deseos, adem\u00e1s de algunas bromas por su estado de salud: <\/p>\n\n\n\n<blockquote class=\"wp-block-quote is-layout-flow wp-block-quote-is-layout-flow\"><p>&#8220;\u00a1Mucha fuerza, compadre! Dios lo cuide a usted y a su familia, cualquier cosa aqu\u00ed estamos&#8221;, &#8220;Estuve viendo uno de tus videos anoche en YouTtube y sin cubre bocas, ya vali\u00f3 madres&#8221;, &#8220;Cu\u00eddate mucho, no s\u00e9 qu\u00e9 ser\u00eda de m\u00ed sin ti&#8221; y &#8220;Unagenkidamapara Franco&#8221;.<\/p><\/blockquote>\n\n\n\n<p>Adem\u00e1s, otras celebridades le externaron su apoyo:<em> &#8220;\u00c1nimo mi ching\u00f3n. Te mando abrazos, no balazos&#8221;,<\/em> le escribi\u00f3&nbsp;<span style=\"box-sizing: border-box; font-family: &quot;---utopia-semibold&quot;; color: rgb(51, 51, 51); font-size: 18px; letter-spacing: 0.2px; white-space: normal;\"><\/span>Chumel&nbsp;Torres. Por su parte, el analista deportivo&nbsp;Mauricio Pedroza&nbsp;dijo:<em> &#8220;Mi ching\u00f3n, que te sea muy leve&#8221;.<\/em> Y el youtuber&nbsp;Fedelobo&nbsp;le puso: <em>&#8220;Manos le van a faltar al cobicho, \u00a1recup\u00e9rese pronto, jovenazo!<\/em><\/p>\n\n\n\n<p>Fuente: Milenio<\/p>\n","protected":false},"excerpt":{"rendered":"<p>A trav\u00e9s de su cuenta en Twitter, el comediante inform\u00f3 a sus fans que est\u00e1 enfermo de coronavirus SARS-CoV-2. A la lista de famosos que se han visto afectados en meses recientes por el\u00a0covid-19, donde figuran\u00a0Paty Navidad,\u00a0Laura Flores\u00a0y\u00a0Larry Hern\u00e1ndez,\u00a0se sum\u00f3\u00a0el comediante Franco Escamilla,\u00a0pues este jueves dio a conocer que\u00a0dio positivo al virus. A trav\u00e9s de [&hellip;]<\/p>\n","protected":false},"author":35,"featured_media":21142,"comment_status":"open","ping_status":"open","sticky":false,"template":"","format":"standard","meta":{"_monsterinsights_skip_tracking":false,"_monsterinsights_sitenote_active":false,"_monsterinsights_sitenote_note":"","_monsterinsights_sitenote_category":0,"footnotes":""},"categories":[576],"tags":[175,5583],"class_list":["post-21136","post","type-post","status-publish","format-standard","has-post-thumbnail","hentry","category-ocio","tag-covid-19","tag-franco-escamilla","wp-image-borders"],"amp_enabled":true,"_links":{"self":[{"href":"https:\/\/nvnoticias.mx\/index.php\/wp-json\/wp\/v2\/posts\/21136","targetHints":{"allow":["GET"]}}],"collection":[{"href":"https:\/\/nvnoticias.mx\/index.php\/wp-json\/wp\/v2\/posts"}],"about":[{"href":"https:\/\/nvnoticias.mx\/index.php\/wp-json\/wp\/v2\/types\/post"}],"author":[{"embeddable":true,"href":"https:\/\/nvnoticias.mx\/index.php\/wp-json\/wp\/v2\/users\/35"}],"replies":[{"embeddable":true,"href":"https:\/\/nvnoticias.mx\/index.php\/wp-json\/wp\/v2\/comments?post=21136"}],"version-history":[{"count":7,"href":"https:\/\/nvnoticias.mx\/index.php\/wp-json\/wp\/v2\/posts\/21136\/revisions"}],"predecessor-version":[{"id":21271,"href":"https:\/\/nvnoticias.mx\/index.php\/wp-json\/wp\/v2\/posts\/21136\/revisions\/21271"}],"wp:featuredmedia":[{"embeddable":true,"href":"https:\/\/nvnoticias.mx\/index.php\/wp-json\/wp\/v2\/media\/21142"}],"wp:attachment":[{"href":"https:\/\/nvnoticias.mx\/index.php\/wp-json\/wp\/v2\/media?parent=21136"}],"wp:term":[{"taxonomy":"category","embeddable":true,"href":"https:\/\/nvnoticias.mx\/index.php\/wp-json\/wp\/v2\/categories?post=21136"},{"taxonomy":"post_tag","embeddable":true,"href":"https:\/\/nvnoticias.mx\/index.php\/wp-json\/wp\/v2\/tags?post=21136"}],"curies":[{"name":"wp","href":"https:\/\/api.w.org\/{rel}","templated":true}]}}