{"id":211323,"date":"2026-03-10T10:41:52","date_gmt":"2026-03-10T16:41:52","guid":{"rendered":"https:\/\/nvnoticias.mx\/?p=211323"},"modified":"2026-03-10T10:42:00","modified_gmt":"2026-03-10T16:42:00","slug":"sheinbaum-descarta-hacer-llamado-al-pt-y-verde-para-que-aprueben-reforma-electoral","status":"publish","type":"post","link":"https:\/\/nvnoticias.mx\/index.php\/2026\/03\/10\/sheinbaum-descarta-hacer-llamado-al-pt-y-verde-para-que-aprueben-reforma-electoral\/","title":{"rendered":"Sheinbaum descarta hacer llamado al PT y Verde para que aprueben reforma electoral"},"content":{"rendered":"\n<p>La mandataria\u00a0<strong>Claudia Sheinbaum<\/strong>descart\u00f3 hacer un llamado a la bancada del Partido del Trabajo (PT) y el Verde Ecologista de M\u00e9xico (PVEM) para que voten a favor de la\u00a0reforma electoral\u00a0ante la falta de un consenso en la C\u00e1mara de Diputados.<\/p>\n\n\n\n<p>\u201cNo, cada quien que decida. Yo, como les dije, yo cumplo con la gente. Ya vimos la encuesta: m\u00e1s del 80 por ciento est\u00e1 de acuerdo con que los diputados de representaci\u00f3n proporcional sean elegidos por la gente (&#8230;) la gran mayor\u00eda del pueblo de M\u00e9xico est\u00e1 de acuerdo con la propuesta que envi\u00e9, ya depende de los diputados c\u00f3mo van a ejercer sus votos\u201d, mencion\u00f3.<\/p>\n\n\n\n<p><strong>Ricardo Monreal<\/strong>, presidente de la Junta de Coordinaci\u00f3n Pol\u00edtica de la C\u00e1mara de Diputados, coment\u00f3 el lunes 9 de marzo que no ve probabilidad de convencer a los diputados aliados para aprobar la reforma, aunque Morena votar\u00e1 a favor.<\/p>\n\n\n\n<p>Fuente: <a href=\"https:\/\/www.elfinanciero.com.mx\/nacional\/2026\/03\/10\/claudia-sheinbaum-mananera-temas-hoy-10de-marzo-de-2026-en-vivo\/\">El Financiero<\/a><\/p>\n","protected":false},"excerpt":{"rendered":"<p>La mandataria\u00a0Claudia Sheinbaumdescart\u00f3 hacer un llamado a la bancada del Partido del Trabajo (PT) y el Verde Ecologista de M\u00e9xico (PVEM) para que voten a favor de la\u00a0reforma electoral\u00a0ante la falta de un consenso en la C\u00e1mara de Diputados. \u201cNo, cada quien que decida. Yo, como les dije, yo cumplo con la gente. Ya vimos [&hellip;]<\/p>\n","protected":false},"author":35,"featured_media":196690,"comment_status":"open","ping_status":"open","sticky":false,"template":"","format":"standard","meta":{"_monsterinsights_skip_tracking":false,"_monsterinsights_sitenote_active":false,"_monsterinsights_sitenote_note":"","_monsterinsights_sitenote_category":0,"footnotes":""},"categories":[158],"tags":[2801,345],"class_list":["post-211323","post","type-post","status-publish","format-standard","has-post-thumbnail","hentry","category-politica","tag-claudia-sheinbaum","tag-pt","wp-image-borders"],"amp_enabled":true,"_links":{"self":[{"href":"https:\/\/nvnoticias.mx\/index.php\/wp-json\/wp\/v2\/posts\/211323","targetHints":{"allow":["GET"]}}],"collection":[{"href":"https:\/\/nvnoticias.mx\/index.php\/wp-json\/wp\/v2\/posts"}],"about":[{"href":"https:\/\/nvnoticias.mx\/index.php\/wp-json\/wp\/v2\/types\/post"}],"author":[{"embeddable":true,"href":"https:\/\/nvnoticias.mx\/index.php\/wp-json\/wp\/v2\/users\/35"}],"replies":[{"embeddable":true,"href":"https:\/\/nvnoticias.mx\/index.php\/wp-json\/wp\/v2\/comments?post=211323"}],"version-history":[{"count":5,"href":"https:\/\/nvnoticias.mx\/index.php\/wp-json\/wp\/v2\/posts\/211323\/revisions"}],"predecessor-version":[{"id":211338,"href":"https:\/\/nvnoticias.mx\/index.php\/wp-json\/wp\/v2\/posts\/211323\/revisions\/211338"}],"wp:featuredmedia":[{"embeddable":true,"href":"https:\/\/nvnoticias.mx\/index.php\/wp-json\/wp\/v2\/media\/196690"}],"wp:attachment":[{"href":"https:\/\/nvnoticias.mx\/index.php\/wp-json\/wp\/v2\/media?parent=211323"}],"wp:term":[{"taxonomy":"category","embeddable":true,"href":"https:\/\/nvnoticias.mx\/index.php\/wp-json\/wp\/v2\/categories?post=211323"},{"taxonomy":"post_tag","embeddable":true,"href":"https:\/\/nvnoticias.mx\/index.php\/wp-json\/wp\/v2\/tags?post=211323"}],"curies":[{"name":"wp","href":"https:\/\/api.w.org\/{rel}","templated":true}]}}