{"id":211293,"date":"2026-03-09T14:08:37","date_gmt":"2026-03-09T20:08:37","guid":{"rendered":"https:\/\/nvnoticias.mx\/?p=211293"},"modified":"2026-03-09T14:08:44","modified_gmt":"2026-03-09T20:08:44","slug":"daran-mantenimiento-en-el-sistema-de-alumbrado-publico-de-veracruz","status":"publish","type":"post","link":"https:\/\/nvnoticias.mx\/index.php\/2026\/03\/09\/daran-mantenimiento-en-el-sistema-de-alumbrado-publico-de-veracruz\/","title":{"rendered":"Dar\u00e1n mantenimiento en el sistema de alumbrado p\u00fablico de Veracruz"},"content":{"rendered":"\n<p><\/p>\n\n\n\n<p><strong>Jes\u00fas Utrilla \/ NV Noticias <\/strong><\/p>\n\n\n\n<p>El sistema de alumbrado p\u00fablico en Veracruz enfrenta rezagos en mantenimiento y operaci\u00f3n, particularmente en la infraestructura de postes, lo que ha generado diversos reportes ciudadanos y riesgos ante eventos meteorol\u00f3gicos como los frentes fr\u00edos del norte.<\/p>\n\n\n\n<p>El director de Alumbrado P\u00fablico municipal, Patricio Franceschi Mar\u00edn, inform\u00f3 que en el municipio existen alrededor de 61 mil luminarias, de las cuales aproximadamente 44 mil 500 forman parte de una concesi\u00f3n operada por una empresa privada, mientras que el ayuntamiento tiene bajo su responsabilidad cerca de 17 mil en distintas zonas de la ciudad.<\/p>\n\n\n\n<p>Explic\u00f3 que cerca del 95 por ciento del territorio municipal est\u00e1 cubierto por el sistema concesionado, por lo que actualmente el gobierno local mantiene coordinaci\u00f3n con la empresa para atender los reportes de fallas y quejas de la ciudadan\u00eda.<\/p>\n\n\n\n<p>El funcionario detall\u00f3 que el ayuntamiento paga alrededor de 200 millones de pesos al a\u00f1o por la concesi\u00f3n del servicio, contrato que fue firmado en 2007, comenz\u00f3 a operar a mediados de 2018 y tiene una vigencia de 15 a\u00f1os.<\/p>\n\n\n\n<p>Sobre el estado en que encontraron el sistema al inicio de la administraci\u00f3n, indic\u00f3 que una de las principales problem\u00e1ticas est\u00e1 relacionada con el deterioro de los postes, muchos de los cuales tienen entre 25 y 30 a\u00f1os de antig\u00fcedad y no recibieron mantenimiento adecuado durante varios a\u00f1os.<\/p>\n\n\n\n<p>Franceschi Mar\u00edn se\u00f1al\u00f3 que el mantenimiento de estas estructuras forma parte de las responsabilidades de la empresa concesionaria, por lo que consider\u00f3 que en los \u00faltimos a\u00f1os hubo omisiones en la revisi\u00f3n y renovaci\u00f3n de esta infraestructura.<\/p>\n\n\n\n<p><\/p>\n","protected":false},"excerpt":{"rendered":"<p>Alumbrado p\u00fablico <\/p>\n","protected":false},"author":8,"featured_media":211294,"comment_status":"open","ping_status":"open","sticky":false,"template":"","format":"standard","meta":{"_monsterinsights_skip_tracking":false,"_monsterinsights_sitenote_active":false,"_monsterinsights_sitenote_note":"","_monsterinsights_sitenote_category":0,"footnotes":""},"categories":[154],"tags":[4395,1602,180],"class_list":["post-211293","post","type-post","status-publish","format-standard","has-post-thumbnail","hentry","category-veracruz","tag-alumbrado-publico","tag-mantenimiento","tag-veracruz","wp-image-borders"],"amp_enabled":true,"_links":{"self":[{"href":"https:\/\/nvnoticias.mx\/index.php\/wp-json\/wp\/v2\/posts\/211293","targetHints":{"allow":["GET"]}}],"collection":[{"href":"https:\/\/nvnoticias.mx\/index.php\/wp-json\/wp\/v2\/posts"}],"about":[{"href":"https:\/\/nvnoticias.mx\/index.php\/wp-json\/wp\/v2\/types\/post"}],"author":[{"embeddable":true,"href":"https:\/\/nvnoticias.mx\/index.php\/wp-json\/wp\/v2\/users\/8"}],"replies":[{"embeddable":true,"href":"https:\/\/nvnoticias.mx\/index.php\/wp-json\/wp\/v2\/comments?post=211293"}],"version-history":[{"count":1,"href":"https:\/\/nvnoticias.mx\/index.php\/wp-json\/wp\/v2\/posts\/211293\/revisions"}],"predecessor-version":[{"id":211295,"href":"https:\/\/nvnoticias.mx\/index.php\/wp-json\/wp\/v2\/posts\/211293\/revisions\/211295"}],"wp:featuredmedia":[{"embeddable":true,"href":"https:\/\/nvnoticias.mx\/index.php\/wp-json\/wp\/v2\/media\/211294"}],"wp:attachment":[{"href":"https:\/\/nvnoticias.mx\/index.php\/wp-json\/wp\/v2\/media?parent=211293"}],"wp:term":[{"taxonomy":"category","embeddable":true,"href":"https:\/\/nvnoticias.mx\/index.php\/wp-json\/wp\/v2\/categories?post=211293"},{"taxonomy":"post_tag","embeddable":true,"href":"https:\/\/nvnoticias.mx\/index.php\/wp-json\/wp\/v2\/tags?post=211293"}],"curies":[{"name":"wp","href":"https:\/\/api.w.org\/{rel}","templated":true}]}}