{"id":211291,"date":"2026-03-09T14:05:17","date_gmt":"2026-03-09T20:05:17","guid":{"rendered":"https:\/\/nvnoticias.mx\/?p=211291"},"modified":"2026-03-09T14:05:25","modified_gmt":"2026-03-09T20:05:25","slug":"sin-denuncias-ante-la-cedh-tras-protesta-de-madres-buscadoras-en-ceaiv","status":"publish","type":"post","link":"https:\/\/nvnoticias.mx\/index.php\/2026\/03\/09\/sin-denuncias-ante-la-cedh-tras-protesta-de-madres-buscadoras-en-ceaiv\/","title":{"rendered":"Sin denuncias ante la CEDH tras protesta de madres buscadoras en CEAIV"},"content":{"rendered":"\n<p><\/p>\n\n\n\n<p><strong>Sam Ojeda \/ NV Noticias<\/strong><\/p>\n\n\n\n<p>Xalapa.- A pesar de las protestas realizadas la semana pasada por colectivos de madres buscadoras en las instalaciones de la Comisi\u00f3n Ejecutiva Estatal de Atenci\u00f3n Integral a V\u00edctimas (CEAIV), la Comisi\u00f3n Estatal de Derechos Humanos (CEDH) no ha recibido quejas formales relacionadas con esos hechos.<\/p>\n\n\n\n<p>La presidenta del organismo, Minerva Regina P\u00e9rez L\u00f3pez, indic\u00f3 que durante la movilizaci\u00f3n el personal de la CEDH estuvo presente para acompa\u00f1ar a las familias y escuchar sus planteamientos.<\/p>\n\n\n\n<p>\u201cNosotros les acompa\u00f1amos desde el primer momento que se manifestaron hasta que se retiraron\u201d.<\/p>\n\n\n\n<p>La funcionaria explic\u00f3 que, como parte de esa intervenci\u00f3n, el organismo recab\u00f3 las inquietudes expresadas por las madres buscadoras y particip\u00f3 en la mesa de di\u00e1logo con autoridades estatales para que pudieran exponer directamente sus demandas.<\/p>\n\n\n\n<p>\u201cLo que hicimos fue acompa\u00f1arlas recogiendo sus inquietudes, lo que quer\u00edan comunicarle a las autoridades, y las acompa\u00f1amos en la mesa de di\u00e1logo\u201d.<\/p>\n\n\n\n<p>Se\u00f1al\u00f3 que durante ese proceso tambi\u00e9n se les inform\u00f3 a las manifestantes sobre la posibilidad de presentar quejas ante la CEDH en caso de considerar vulnerados sus derechos; sin embargo, ninguna decidi\u00f3 iniciar un procedimiento.<\/p>\n\n\n\n<p>\u201cNo se presentaron quejas. Esa fue una de las inquietudes que atendimos que si alguna ten\u00eda una queja en espec\u00edfico por alg\u00fan hecho o se sintieran afectadas pon\u00edamos a sus \u00f3rdenes los servicios y no hubo presentaci\u00f3n de quejas\u201d.<\/p>\n\n\n\n<p>P\u00e9rez L\u00f3pez tambi\u00e9n descart\u00f3 que en ese encuentro se haya solicitado programar una nueva reuni\u00f3n entre autoridades estatales y colectivos de b\u00fasqueda, al se\u00f1alar que el seguimiento a estos temas debe apegarse a los mecanismos establecidos en la legislaci\u00f3n.<br><\/p>\n","protected":false},"excerpt":{"rendered":"<p>Sam Ojeda \/ NV Noticias Xalapa.- A pesar de las protestas realizadas la semana pasada por colectivos de madres buscadoras en las instalaciones de la Comisi\u00f3n Ejecutiva Estatal de Atenci\u00f3n Integral a V\u00edctimas (CEAIV), la Comisi\u00f3n Estatal de Derechos Humanos (CEDH) no ha recibido quejas formales relacionadas con esos hechos. La presidenta del organismo, Minerva [&hellip;]<\/p>\n","protected":false},"author":6,"featured_media":210783,"comment_status":"open","ping_status":"open","sticky":false,"template":"","format":"standard","meta":{"_monsterinsights_skip_tracking":false,"_monsterinsights_sitenote_active":false,"_monsterinsights_sitenote_note":"","_monsterinsights_sitenote_category":0,"footnotes":""},"categories":[156],"tags":[33105,32512,206],"class_list":["post-211291","post","type-post","status-publish","format-standard","has-post-thumbnail","hentry","category-estado","tag-ceaiv","tag-cedh-veracruz","tag-denuncia","wp-image-borders"],"amp_enabled":true,"_links":{"self":[{"href":"https:\/\/nvnoticias.mx\/index.php\/wp-json\/wp\/v2\/posts\/211291","targetHints":{"allow":["GET"]}}],"collection":[{"href":"https:\/\/nvnoticias.mx\/index.php\/wp-json\/wp\/v2\/posts"}],"about":[{"href":"https:\/\/nvnoticias.mx\/index.php\/wp-json\/wp\/v2\/types\/post"}],"author":[{"embeddable":true,"href":"https:\/\/nvnoticias.mx\/index.php\/wp-json\/wp\/v2\/users\/6"}],"replies":[{"embeddable":true,"href":"https:\/\/nvnoticias.mx\/index.php\/wp-json\/wp\/v2\/comments?post=211291"}],"version-history":[{"count":1,"href":"https:\/\/nvnoticias.mx\/index.php\/wp-json\/wp\/v2\/posts\/211291\/revisions"}],"predecessor-version":[{"id":211292,"href":"https:\/\/nvnoticias.mx\/index.php\/wp-json\/wp\/v2\/posts\/211291\/revisions\/211292"}],"wp:featuredmedia":[{"embeddable":true,"href":"https:\/\/nvnoticias.mx\/index.php\/wp-json\/wp\/v2\/media\/210783"}],"wp:attachment":[{"href":"https:\/\/nvnoticias.mx\/index.php\/wp-json\/wp\/v2\/media?parent=211291"}],"wp:term":[{"taxonomy":"category","embeddable":true,"href":"https:\/\/nvnoticias.mx\/index.php\/wp-json\/wp\/v2\/categories?post=211291"},{"taxonomy":"post_tag","embeddable":true,"href":"https:\/\/nvnoticias.mx\/index.php\/wp-json\/wp\/v2\/tags?post=211291"}],"curies":[{"name":"wp","href":"https:\/\/api.w.org\/{rel}","templated":true}]}}