{"id":211288,"date":"2026-03-09T14:02:24","date_gmt":"2026-03-09T20:02:24","guid":{"rendered":"https:\/\/nvnoticias.mx\/?p=211288"},"modified":"2026-03-09T14:02:32","modified_gmt":"2026-03-09T20:02:32","slug":"realizan-analisis-hidrico-para-mantener-o-retirar-toma-de-agua-de-veracruz-a-boca-del-rio","status":"publish","type":"post","link":"https:\/\/nvnoticias.mx\/index.php\/2026\/03\/09\/realizan-analisis-hidrico-para-mantener-o-retirar-toma-de-agua-de-veracruz-a-boca-del-rio\/","title":{"rendered":"Realizan an\u00e1lisis h\u00eddrico para mantener o retirar toma de agua de Veracruz a Boca del R\u00edo"},"content":{"rendered":"\n<p><br><strong>Jes\u00fas Utrilla \/ NV Noticias <\/strong><\/p>\n\n\n\n<p><br>La alcaldesa de Veracruz, Rosa Mar\u00eda Hern\u00e1ndez Espejo, inform\u00f3 que se encuentra en revisi\u00f3n la permanencia de una toma de agua que presuntamente opera de forma irregular y que conecta el sistema de abastecimiento del municipio con el de Boca del R\u00edo.<\/p>\n\n\n\n<p><br>De acuerdo con la edil, la conexi\u00f3n fue detectada durante una inspecci\u00f3n realizada por el Instituto Metropolitano del Agua al Grupo Metropolitano de Agua y Saneamiento. <\/p>\n\n\n\n<p>El conducto permitir\u00eda el traslado de aproximadamente cuatro millones de litros de agua al d\u00eda desde Veracruz hacia Boca del R\u00edo.<\/p>\n\n\n\n<p><br>Hern\u00e1ndez Espejo explic\u00f3 que el caso forma parte de un problema heredado por administraciones anteriores y que ha repercutido en el suministro del servicio en ambos municipios, donde adem\u00e1s la poblaci\u00f3n ha recibido el agua en malas condiciones.<\/p>\n\n\n\n<p><br>\u201cNo es un problema de las alcaldesas ni de esta administraci\u00f3n; es una situaci\u00f3n que dejaron gobiernos del pasado que hicieron negocio con el agua. Ahora nos corresponde revisarlo y darle soluci\u00f3n\u201d.<\/p>\n\n\n\n<p><br>La presidenta municipal sostuvo que la obra presuntamente se ejecut\u00f3 sin contar con las autorizaciones correspondientes del Instituto Metropolitano del Agua ni con la aprobaci\u00f3n del Cabildo. Adem\u00e1s, se\u00f1al\u00f3 que los recursos utilizados para su construcci\u00f3n habr\u00edan provenido de las aportaciones de los propios usuarios.<\/p>\n\n\n\n<p><br>Se realizar\u00e1 un an\u00e1lisis del balance h\u00eddrico entre ambos municipios para determinar la viabilidad de mantener o retirar la conexi\u00f3n, con el objetivo de garantizar abasto suficiente, calidad del agua y tarifas justas para la poblaci\u00f3n.<\/p>\n\n\n\n<p><br>Adelant\u00f3 que el ayuntamiento prepara un plan de acciones para enfrentar la pr\u00f3xima temporada de estiaje, al tiempo que llam\u00f3 a la ciudadan\u00eda a hacer un uso responsable del recurso.<\/p>\n","protected":false},"excerpt":{"rendered":"<p>Rosa Mar\u00eda Hern\u00e1ndez Espejo <\/p>\n","protected":false},"author":8,"featured_media":211289,"comment_status":"open","ping_status":"open","sticky":false,"template":"","format":"standard","meta":{"_monsterinsights_skip_tracking":false,"_monsterinsights_sitenote_active":false,"_monsterinsights_sitenote_note":"","_monsterinsights_sitenote_category":0,"footnotes":""},"categories":[154],"tags":[423,6965,33130,180],"class_list":["post-211288","post","type-post","status-publish","format-standard","has-post-thumbnail","hentry","category-veracruz","tag-boca-del-rio","tag-grupo-mas-2","tag-toma-de-agua","tag-veracruz","wp-image-borders"],"amp_enabled":true,"_links":{"self":[{"href":"https:\/\/nvnoticias.mx\/index.php\/wp-json\/wp\/v2\/posts\/211288","targetHints":{"allow":["GET"]}}],"collection":[{"href":"https:\/\/nvnoticias.mx\/index.php\/wp-json\/wp\/v2\/posts"}],"about":[{"href":"https:\/\/nvnoticias.mx\/index.php\/wp-json\/wp\/v2\/types\/post"}],"author":[{"embeddable":true,"href":"https:\/\/nvnoticias.mx\/index.php\/wp-json\/wp\/v2\/users\/8"}],"replies":[{"embeddable":true,"href":"https:\/\/nvnoticias.mx\/index.php\/wp-json\/wp\/v2\/comments?post=211288"}],"version-history":[{"count":1,"href":"https:\/\/nvnoticias.mx\/index.php\/wp-json\/wp\/v2\/posts\/211288\/revisions"}],"predecessor-version":[{"id":211290,"href":"https:\/\/nvnoticias.mx\/index.php\/wp-json\/wp\/v2\/posts\/211288\/revisions\/211290"}],"wp:featuredmedia":[{"embeddable":true,"href":"https:\/\/nvnoticias.mx\/index.php\/wp-json\/wp\/v2\/media\/211289"}],"wp:attachment":[{"href":"https:\/\/nvnoticias.mx\/index.php\/wp-json\/wp\/v2\/media?parent=211288"}],"wp:term":[{"taxonomy":"category","embeddable":true,"href":"https:\/\/nvnoticias.mx\/index.php\/wp-json\/wp\/v2\/categories?post=211288"},{"taxonomy":"post_tag","embeddable":true,"href":"https:\/\/nvnoticias.mx\/index.php\/wp-json\/wp\/v2\/tags?post=211288"}],"curies":[{"name":"wp","href":"https:\/\/api.w.org\/{rel}","templated":true}]}}