{"id":211261,"date":"2026-03-09T10:40:57","date_gmt":"2026-03-09T16:40:57","guid":{"rendered":"https:\/\/nvnoticias.mx\/?p=211261"},"modified":"2026-03-09T10:41:08","modified_gmt":"2026-03-09T16:41:08","slug":"que-bueno-que-trump-reconoce-que-mexico-dice-que-no-queremos-intervencion-sheinbaum","status":"publish","type":"post","link":"https:\/\/nvnoticias.mx\/index.php\/2026\/03\/09\/que-bueno-que-trump-reconoce-que-mexico-dice-que-no-queremos-intervencion-sheinbaum\/","title":{"rendered":"Qu\u00e9 bueno que Trump reconoce que M\u00e9xico dice que no queremos intervenci\u00f3n: Sheinbaum"},"content":{"rendered":"\n<p>Al ser cuestionada sobre las&nbsp;amenazas de Donald Trump para combatir a los c\u00e1rteles en M\u00e9xico, la presidenta Sheinbaum asegur\u00f3 que hay resultados en seguridad.&nbsp;<\/p>\n\n\n\n<p>\u201cQu\u00e9 bueno que&nbsp;Trump dijo que cuando propone ayuda en M\u00e9xico hemos dicho que no&nbsp;y&nbsp;<strong>orgullosamente seguimos diciendo que no\u201d<\/strong>, agreg\u00f3 la mandataria.&nbsp;<\/p>\n\n\n\n<p>Sheinbaum destac\u00f3 que dichas labores se realizan con integrantes del Gabinete de Seguridad y rechaz\u00f3 una invasi\u00f3n estadounidense debido a los acuerdos existentes.&nbsp;<\/p>\n\n\n\n<p>La mandataria resalt\u00f3 que la&nbsp;<strong>colaboraci\u00f3n con EU<\/strong>&nbsp;solo ser\u00eda con labores de inteligencia.<\/p>\n\n\n\n<p>Fuente: <a href=\"https:\/\/www.elfinanciero.com.mx\/nacional\/2026\/03\/09\/claudia-sheinbaum-mananera-temas-hoy-9-de-marzo-de-2026-en-vivo\/\">El Financiero<\/a><\/p>\n","protected":false},"excerpt":{"rendered":"<p>Al ser cuestionada sobre las&nbsp;amenazas de Donald Trump para combatir a los c\u00e1rteles en M\u00e9xico, la presidenta Sheinbaum asegur\u00f3 que hay resultados en seguridad.&nbsp; \u201cQu\u00e9 bueno que&nbsp;Trump dijo que cuando propone ayuda en M\u00e9xico hemos dicho que no&nbsp;y&nbsp;orgullosamente seguimos diciendo que no\u201d, agreg\u00f3 la mandataria.&nbsp; Sheinbaum destac\u00f3 que dichas labores se realizan con integrantes del [&hellip;]<\/p>\n","protected":false},"author":35,"featured_media":165936,"comment_status":"open","ping_status":"open","sticky":false,"template":"","format":"standard","meta":{"_monsterinsights_skip_tracking":false,"_monsterinsights_sitenote_active":false,"_monsterinsights_sitenote_note":"","_monsterinsights_sitenote_category":0,"footnotes":""},"categories":[158],"tags":[2801,230,183,292,162],"class_list":["post-211261","post","type-post","status-publish","format-standard","has-post-thumbnail","hentry","category-politica","tag-claudia-sheinbaum","tag-donald-trump","tag-estados-unidos","tag-mexico","tag-portada","wp-image-borders"],"amp_enabled":true,"_links":{"self":[{"href":"https:\/\/nvnoticias.mx\/index.php\/wp-json\/wp\/v2\/posts\/211261","targetHints":{"allow":["GET"]}}],"collection":[{"href":"https:\/\/nvnoticias.mx\/index.php\/wp-json\/wp\/v2\/posts"}],"about":[{"href":"https:\/\/nvnoticias.mx\/index.php\/wp-json\/wp\/v2\/types\/post"}],"author":[{"embeddable":true,"href":"https:\/\/nvnoticias.mx\/index.php\/wp-json\/wp\/v2\/users\/35"}],"replies":[{"embeddable":true,"href":"https:\/\/nvnoticias.mx\/index.php\/wp-json\/wp\/v2\/comments?post=211261"}],"version-history":[{"count":2,"href":"https:\/\/nvnoticias.mx\/index.php\/wp-json\/wp\/v2\/posts\/211261\/revisions"}],"predecessor-version":[{"id":211263,"href":"https:\/\/nvnoticias.mx\/index.php\/wp-json\/wp\/v2\/posts\/211261\/revisions\/211263"}],"wp:featuredmedia":[{"embeddable":true,"href":"https:\/\/nvnoticias.mx\/index.php\/wp-json\/wp\/v2\/media\/165936"}],"wp:attachment":[{"href":"https:\/\/nvnoticias.mx\/index.php\/wp-json\/wp\/v2\/media?parent=211261"}],"wp:term":[{"taxonomy":"category","embeddable":true,"href":"https:\/\/nvnoticias.mx\/index.php\/wp-json\/wp\/v2\/categories?post=211261"},{"taxonomy":"post_tag","embeddable":true,"href":"https:\/\/nvnoticias.mx\/index.php\/wp-json\/wp\/v2\/tags?post=211261"}],"curies":[{"name":"wp","href":"https:\/\/api.w.org\/{rel}","templated":true}]}}