{"id":211257,"date":"2026-03-09T09:54:18","date_gmt":"2026-03-09T15:54:18","guid":{"rendered":"https:\/\/nvnoticias.mx\/?p=211257"},"modified":"2026-03-09T09:54:27","modified_gmt":"2026-03-09T15:54:27","slug":"el-feminicidio-marca-el-8m-en-veracruz","status":"publish","type":"post","link":"https:\/\/nvnoticias.mx\/index.php\/2026\/03\/09\/el-feminicidio-marca-el-8m-en-veracruz\/","title":{"rendered":"El feminicidio marca el 8M en Veracruz"},"content":{"rendered":"\n<p><\/p>\n\n\n\n<p><strong>Edgard Gonz\u00e1lez Su\u00e1rez<\/strong><\/p>\n\n\n\n<p>Las luchas de la mujer, la defensa de derechos y la exigencia de igualdad fueron el tono con que millones de mujeres en el mundo conmemoraron el d\u00eda de la mujer.&nbsp; Por otro lado, el feminismo radical se hizo presente con marchas masivas, protestas, actividades culturales y campa\u00f1as globales que exigieron igualdad, justicia, el fin del feminicidio y la ca\u00edda del r\u00e9gimen machista-patriarcal opresivo que agobia a las mujeres en el mundo.<\/p>\n\n\n\n<p>Las marchas, denuncias y actividades de protesta, culturales y recreativas se vivieron en Guadalajara, CDMEX, Veracruz, Puebla, Monterrey, Xalapa entre otras ciudades. Ah\u00ed los colectivos feministas denunciaron el feminicidio, la violencia de g\u00e9nero y la brecha de desigualdad entre hombre y mujeres que aun se viven en nuestro pa\u00eds.<\/p>\n\n\n\n<p>Tambi\u00e9n se llevaron actividades en Madrid, Buenos Aires, Quito, Lima, Santiago y Bogot\u00e1, hubo actividades alusivas a estas reivindicaciones.<\/p>\n\n\n\n<p>Como efecto comunicativo se pudieron observar carteles con consignas como \u201cVivas nos queremos\u201d, \u201cni una menos\u201d, \u201cigualdad ya\u201d, \u201calto al feminicidio\u201d \u201cno estamos todas aqu\u00ed, nos faltan las asesinadas\u201d, \u201csi tocan a una respondemos todas\u201d, \u201cel patriarcado va a caer\u201d, \u201cni felicitaciones, ni flores: exigimos derechos\u201d. \u201cno quiero tus piropos, quiero tu respeto\u201d, entre otras.<\/p>\n\n\n\n<p>Con estas y otras consignas, del movimiento pol\u00edtico que conmemora el d\u00eda de la mujer se pueden agrupar el cinco l\u00edneas discursivas:<\/p>\n\n\n\n<ol start=\"1\" class=\"wp-block-list\">\n<li>Fin de la violencia de g\u00e9nero y feminicidios.<\/li>\n\n\n\n<li>Igualdad laboral y salarial.<\/li>\n\n\n\n<li>Acceso pleno a derechos reproductivos y de salud.<\/li>\n\n\n\n<li>Participaci\u00f3n pol\u00edtica equitativa.<\/li>\n\n\n\n<li>Reconocimiento del trabajo de cuidados no remunerado.<\/li>\n<\/ol>\n\n\n\n<p>El d\u00eda de la mujer para cierto sector (el feminismo) el 8 de marzo se conmemora como una lucha de resistencia contra la cultura machista dominante y sus acciones colectivas se centran en difundir por todos los medios a su alcance las acciones que se centraron en visibilizar la violencia, exigir igualdad y fortalecer la solidaridad internacional.<\/p>\n\n\n\n<p>Aqu\u00ed en Veracruz, la lucha contra el feminicidio parece concentrar el grueso de las demandas, hubo movilizaciones en Xalapa, Veracruz, Boca del r\u00edo, Cordoba, Orizaba, Poza-rica y Coatzacoalcos, y a trav\u00e9s de marchas, concentraciones, pancartas y pintas en la ciudad, gener\u00f3 tensiones con las autoridades estatales y municipales. Las mujeres se niegan hablar de celebraci\u00f3n y ponen \u00e9nfasis en la lucha contra el poder machista<strong>.<\/strong><\/p>\n\n\n\n<p>Las mujeres en lucha hicieron un llamado en sus movilizaciones en contra de las desapariciones, el feminicidio, la violencia institucional y el derecho a vivir seguras en los espacios p\u00fablicos.<\/p>\n\n\n\n<p>Las autoridades pol\u00edticas deben atender esta situaci\u00f3n. Veracruz comparte junto a Sinaloa y el Estado de M\u00e9xico la condici\u00f3n de estados m\u00e1s inseguros para las mujeres. Desde hace algunos a\u00f1os, Veracruz enfrenta una crisis social con el fen\u00f3meno del feminicidio. En lo que va de 2026, en apenas dos meses, la cifra se acerca a un feminicidio diario.<\/p>\n\n\n\n<p>No podemos dejar de se\u00f1alar que los feminicidios cometidos en el estado de Veracruz se agrupan en: (1) feminicidio por violencia familiar, (2) feminicidio vinculado al crimen organizado, (3) feminicidio por relaciones de pareja, y (4) feminicidio por diferencias financieras.<\/p>\n\n\n\n<p>Sin embargo, como una realidad cruda y persistente el feminicidio es un fen\u00f3meno muy complejo que combina aspectos institucionales, socioecon\u00f3micos y culturales y que d\u00eda a d\u00eda se agrava la impunidad y la ineficiencia de las fiscal\u00edas. Por ello, las movilizaciones no parar\u00e1n y seguir\u00e1n en Veracruz, en M\u00e9xico y en el mundo.<\/p>\n","protected":false},"excerpt":{"rendered":"<p>Edgard Gonz\u00e1lez Su\u00e1rez Las luchas de la mujer, la defensa de derechos y la exigencia de igualdad fueron el tono con que millones de mujeres en el mundo conmemoraron el d\u00eda de la mujer.&nbsp; Por otro lado, el feminismo radical se hizo presente con marchas masivas, protestas, actividades culturales y campa\u00f1as globales que exigieron igualdad, [&hellip;]<\/p>\n","protected":false},"author":26,"featured_media":138291,"comment_status":"open","ping_status":"open","sticky":false,"template":"","format":"standard","meta":{"_monsterinsights_skip_tracking":false,"_monsterinsights_sitenote_active":false,"_monsterinsights_sitenote_note":"","_monsterinsights_sitenote_category":0,"footnotes":""},"categories":[242],"tags":[31991],"class_list":["post-211257","post","type-post","status-publish","format-standard","has-post-thumbnail","hentry","category-macroscopio","tag-edgar-gonzalez-suarez","wp-image-borders"],"amp_enabled":true,"_links":{"self":[{"href":"https:\/\/nvnoticias.mx\/index.php\/wp-json\/wp\/v2\/posts\/211257","targetHints":{"allow":["GET"]}}],"collection":[{"href":"https:\/\/nvnoticias.mx\/index.php\/wp-json\/wp\/v2\/posts"}],"about":[{"href":"https:\/\/nvnoticias.mx\/index.php\/wp-json\/wp\/v2\/types\/post"}],"author":[{"embeddable":true,"href":"https:\/\/nvnoticias.mx\/index.php\/wp-json\/wp\/v2\/users\/26"}],"replies":[{"embeddable":true,"href":"https:\/\/nvnoticias.mx\/index.php\/wp-json\/wp\/v2\/comments?post=211257"}],"version-history":[{"count":1,"href":"https:\/\/nvnoticias.mx\/index.php\/wp-json\/wp\/v2\/posts\/211257\/revisions"}],"predecessor-version":[{"id":211259,"href":"https:\/\/nvnoticias.mx\/index.php\/wp-json\/wp\/v2\/posts\/211257\/revisions\/211259"}],"wp:featuredmedia":[{"embeddable":true,"href":"https:\/\/nvnoticias.mx\/index.php\/wp-json\/wp\/v2\/media\/138291"}],"wp:attachment":[{"href":"https:\/\/nvnoticias.mx\/index.php\/wp-json\/wp\/v2\/media?parent=211257"}],"wp:term":[{"taxonomy":"category","embeddable":true,"href":"https:\/\/nvnoticias.mx\/index.php\/wp-json\/wp\/v2\/categories?post=211257"},{"taxonomy":"post_tag","embeddable":true,"href":"https:\/\/nvnoticias.mx\/index.php\/wp-json\/wp\/v2\/tags?post=211257"}],"curies":[{"name":"wp","href":"https:\/\/api.w.org\/{rel}","templated":true}]}}