{"id":211235,"date":"2026-03-09T09:34:10","date_gmt":"2026-03-09T15:34:10","guid":{"rendered":"https:\/\/nvnoticias.mx\/?p=211235"},"modified":"2026-03-09T09:47:41","modified_gmt":"2026-03-09T15:47:41","slug":"sheinbaum-niega-que-amlo-ingreso-a-hospital-militar-por-problemas-de-salud","status":"publish","type":"post","link":"https:\/\/nvnoticias.mx\/index.php\/2026\/03\/09\/sheinbaum-niega-que-amlo-ingreso-a-hospital-militar-por-problemas-de-salud\/","title":{"rendered":"Sheinbaum niega que AMLO ingres\u00f3 a hospital militar por problemas de salud"},"content":{"rendered":"\n<p>Al ser cuestionada sobre la salud del expresidente Andr\u00e9s Manuel L\u00f3pez Obrador, Claudia Sheinbaum asegur\u00f3 que \u201ces falso\u201d el ingreso del exmandatario a un hospital militar.\u00a0<br><\/p>\n\n\n\n<p>La\u00a0<strong>presidenta Sheinbaum<\/strong>\u00a0critic\u00f3 al periodista que difundi\u00f3 la supuesta hospitalizaci\u00f3n de L\u00f3pez Obrador.<\/p>\n\n\n\n<p>\u201c\u00bfCu\u00e1l era su fuente? ninguna porque era falso. C\u00f3mo es posible que un periodista difunda una noticia de este tipo&#8221;, cuestion\u00f3 la mandataria.<\/p>\n\n\n\n<p><strong>Sheinbaum<\/strong>\u00a0calific\u00f3 dichas afirmaciones como irresponsables y sin sustento sobre la salud del expresidente.<\/p>\n\n\n\n<p>Fuente: La <a href=\"https:\/\/www.elfinanciero.com.mx\/nacional\/2026\/03\/09\/claudia-sheinbaum-mananera-temas-hoy-9-de-marzo-de-2026-en-vivo\/\">Jornada<\/a><br><br><br><\/p>\n","protected":false},"excerpt":{"rendered":"<p>Al ser cuestionada sobre la salud del expresidente Andr\u00e9s Manuel L\u00f3pez Obrador, Claudia Sheinbaum asegur\u00f3 que \u201ces falso\u201d el ingreso del exmandatario a un hospital militar.\u00a0 La\u00a0presidenta Sheinbaum\u00a0critic\u00f3 al periodista que difundi\u00f3 la supuesta hospitalizaci\u00f3n de L\u00f3pez Obrador. \u201c\u00bfCu\u00e1l era su fuente? ninguna porque era falso. C\u00f3mo es posible que un periodista difunda una noticia [&hellip;]<\/p>\n","protected":false},"author":35,"featured_media":156588,"comment_status":"open","ping_status":"open","sticky":false,"template":"","format":"standard","meta":{"_monsterinsights_skip_tracking":false,"_monsterinsights_sitenote_active":false,"_monsterinsights_sitenote_note":"","_monsterinsights_sitenote_category":0,"footnotes":""},"categories":[158],"tags":[188,2801,162],"class_list":["post-211235","post","type-post","status-publish","format-standard","has-post-thumbnail","hentry","category-politica","tag-amlo","tag-claudia-sheinbaum","tag-portada","wp-image-borders"],"amp_enabled":true,"_links":{"self":[{"href":"https:\/\/nvnoticias.mx\/index.php\/wp-json\/wp\/v2\/posts\/211235","targetHints":{"allow":["GET"]}}],"collection":[{"href":"https:\/\/nvnoticias.mx\/index.php\/wp-json\/wp\/v2\/posts"}],"about":[{"href":"https:\/\/nvnoticias.mx\/index.php\/wp-json\/wp\/v2\/types\/post"}],"author":[{"embeddable":true,"href":"https:\/\/nvnoticias.mx\/index.php\/wp-json\/wp\/v2\/users\/35"}],"replies":[{"embeddable":true,"href":"https:\/\/nvnoticias.mx\/index.php\/wp-json\/wp\/v2\/comments?post=211235"}],"version-history":[{"count":6,"href":"https:\/\/nvnoticias.mx\/index.php\/wp-json\/wp\/v2\/posts\/211235\/revisions"}],"predecessor-version":[{"id":211248,"href":"https:\/\/nvnoticias.mx\/index.php\/wp-json\/wp\/v2\/posts\/211235\/revisions\/211248"}],"wp:featuredmedia":[{"embeddable":true,"href":"https:\/\/nvnoticias.mx\/index.php\/wp-json\/wp\/v2\/media\/156588"}],"wp:attachment":[{"href":"https:\/\/nvnoticias.mx\/index.php\/wp-json\/wp\/v2\/media?parent=211235"}],"wp:term":[{"taxonomy":"category","embeddable":true,"href":"https:\/\/nvnoticias.mx\/index.php\/wp-json\/wp\/v2\/categories?post=211235"},{"taxonomy":"post_tag","embeddable":true,"href":"https:\/\/nvnoticias.mx\/index.php\/wp-json\/wp\/v2\/tags?post=211235"}],"curies":[{"name":"wp","href":"https:\/\/api.w.org\/{rel}","templated":true}]}}