{"id":211214,"date":"2026-03-08T16:18:41","date_gmt":"2026-03-08T22:18:41","guid":{"rendered":"https:\/\/nvnoticias.mx\/?p=211214"},"modified":"2026-03-08T16:18:48","modified_gmt":"2026-03-08T22:18:48","slug":"iran-nombra-al-hijo-de-jamenei-mojtaba-nuevo-lider-supremo","status":"publish","type":"post","link":"https:\/\/nvnoticias.mx\/index.php\/2026\/03\/08\/iran-nombra-al-hijo-de-jamenei-mojtaba-nuevo-lider-supremo\/","title":{"rendered":"Ir\u00e1n nombra al hijo de Jamenei, Mojtaba, nuevo l\u00edder supremo"},"content":{"rendered":"\n<p>El ayatollah Mojtaba Jamenei, hijo del difunto Ali Jamenei, es elegido este domingo como nuevo l\u00edder supremo de la Rep\u00fablica Isl\u00e1mica de Ir\u00e1n, de acuerdo con las autoridades iran\u00edes.<\/p>\n\n\n\n<p>El anuncio se ha producido en la plaza Vanak de Teher\u00e1n, seg\u00fan recoge la televisi\u00f3n p\u00fablica iran\u00ed, IRIB, una decisi\u00f3n tomada por la denominada Asamblea de Expertos.<\/p>\n\n\n\n<p>&#8220;Por decisi\u00f3n de la Asamblea de Expertos de Ir\u00e1n, Mojtaba Jamenei, ser\u00e1 el tercer l\u00edder supremo&#8221;, se lee en el comunicado\u200b\u200b\u200b de la agencia Fars.<\/p>\n\n\n\n<p>Mojtaba Jamenei suceder\u00e1 as\u00ed a su padre como m\u00e1ximo responsable pol\u00edtico de Ir\u00e1n despu\u00e9s de la muerte de \u00e9ste el pasado 28 de febrero en los bombardeos de Estados Unidos e Israel.<\/p>\n","protected":false},"excerpt":{"rendered":"<p>El ayatollah Mojtaba Jamenei, hijo del difunto Ali Jamenei, es elegido este domingo como nuevo l\u00edder supremo de la Rep\u00fablica Isl\u00e1mica de Ir\u00e1n, de acuerdo con las autoridades iran\u00edes. El anuncio se ha producido en la plaza Vanak de Teher\u00e1n, seg\u00fan recoge la televisi\u00f3n p\u00fablica iran\u00ed, IRIB, una decisi\u00f3n tomada por la denominada Asamblea de [&hellip;]<\/p>\n","protected":false},"author":35,"featured_media":211216,"comment_status":"open","ping_status":"open","sticky":false,"template":"","format":"standard","meta":{"_monsterinsights_skip_tracking":false,"_monsterinsights_sitenote_active":false,"_monsterinsights_sitenote_note":"","_monsterinsights_sitenote_category":0,"footnotes":""},"categories":[181],"tags":[5665],"class_list":["post-211214","post","type-post","status-publish","format-standard","has-post-thumbnail","hentry","category-internacional","tag-iran","wp-image-borders"],"amp_enabled":true,"_links":{"self":[{"href":"https:\/\/nvnoticias.mx\/index.php\/wp-json\/wp\/v2\/posts\/211214","targetHints":{"allow":["GET"]}}],"collection":[{"href":"https:\/\/nvnoticias.mx\/index.php\/wp-json\/wp\/v2\/posts"}],"about":[{"href":"https:\/\/nvnoticias.mx\/index.php\/wp-json\/wp\/v2\/types\/post"}],"author":[{"embeddable":true,"href":"https:\/\/nvnoticias.mx\/index.php\/wp-json\/wp\/v2\/users\/35"}],"replies":[{"embeddable":true,"href":"https:\/\/nvnoticias.mx\/index.php\/wp-json\/wp\/v2\/comments?post=211214"}],"version-history":[{"count":2,"href":"https:\/\/nvnoticias.mx\/index.php\/wp-json\/wp\/v2\/posts\/211214\/revisions"}],"predecessor-version":[{"id":211217,"href":"https:\/\/nvnoticias.mx\/index.php\/wp-json\/wp\/v2\/posts\/211214\/revisions\/211217"}],"wp:featuredmedia":[{"embeddable":true,"href":"https:\/\/nvnoticias.mx\/index.php\/wp-json\/wp\/v2\/media\/211216"}],"wp:attachment":[{"href":"https:\/\/nvnoticias.mx\/index.php\/wp-json\/wp\/v2\/media?parent=211214"}],"wp:term":[{"taxonomy":"category","embeddable":true,"href":"https:\/\/nvnoticias.mx\/index.php\/wp-json\/wp\/v2\/categories?post=211214"},{"taxonomy":"post_tag","embeddable":true,"href":"https:\/\/nvnoticias.mx\/index.php\/wp-json\/wp\/v2\/tags?post=211214"}],"curies":[{"name":"wp","href":"https:\/\/api.w.org\/{rel}","templated":true}]}}