{"id":211202,"date":"2026-03-08T16:00:54","date_gmt":"2026-03-08T22:00:54","guid":{"rendered":"https:\/\/nvnoticias.mx\/?p=211202"},"modified":"2026-03-08T16:01:02","modified_gmt":"2026-03-08T22:01:02","slug":"gobierno-de-veracruz-busca-convertir-en-ley-el-sistema-de-proteccion-inmediata-para-mujeres","status":"publish","type":"post","link":"https:\/\/nvnoticias.mx\/index.php\/2026\/03\/08\/gobierno-de-veracruz-busca-convertir-en-ley-el-sistema-de-proteccion-inmediata-para-mujeres\/","title":{"rendered":"Gobierno de Veracruz busca convertir en ley el sistema de protecci\u00f3n inmediata para mujeres"},"content":{"rendered":"\n<p>Jes\u00fas Utrilla | NV Noticias <\/p>\n\n\n\n<p><br>En el marco de la conmemoraci\u00f3n del D\u00eda Internacional de la Mujer, la gobernadora de Veracruz, Roc\u00edo Nahle Garc\u00eda, anunci\u00f3 el impulso de una iniciativa para crear el Sistema de \u00d3rdenes de Protecci\u00f3n Inmediata para Mujeres en la entidad, con el objetivo de fortalecer los mecanismos de atenci\u00f3n y respuesta ante casos de violencia de g\u00e9nero.<\/p>\n\n\n\n<p><br>Durante su mensaje, la mandataria estatal destac\u00f3 que en M\u00e9xico se vive un momento hist\u00f3rico para las mujeres con la llegada de la primera presidenta del pa\u00eds, Claudia Sheinbaum, y subray\u00f3 que la igualdad entre mujeres y hombres debe consolidarse como una realidad y no solo como una aspiraci\u00f3n. En ese sentido, afirm\u00f3 que el actual proyecto de transformaci\u00f3n del pa\u00eds ha colocado a las mujeres en el centro de las pol\u00edticas p\u00fablicas.<\/p>\n\n\n\n<p><br>Explic\u00f3 que la propuesta legislativa busca consolidar como ley un mecanismo interinstitucional permanente que permita solicitar, emitir, ejecutar y dar seguimiento a \u00f3rdenes de protecci\u00f3n dirigidas a mujeres, adolescentes y ni\u00f1as en situaci\u00f3n de riesgo. El sistema estar\u00e1 vinculado con la plataforma digital Veracruzana Protegida, dise\u00f1ada para facilitar el acceso inmediato a medidas de seguridad.<\/p>\n\n\n\n<p><br>La gobernadora inform\u00f3 que esta herramienta digital comenz\u00f3 a operar hace aproximadamente un a\u00f1o y, desde entonces, ha recibido 2 mil 482 solicitudes de protecci\u00f3n, de las cuales 2 mil 85 han sido otorgadas de manera inmediata por juezas o jueces en l\u00ednea. Se\u00f1al\u00f3 que el sistema permite que, tras la solicitud, una patrulla pueda acudir al domicilio de la v\u00edctima en un lapso aproximado de entre diez y quince minutos.<\/p>\n\n\n\n<p><br>Dijo que la plataforma opera las 24 horas del d\u00eda, los 365 d\u00edas del a\u00f1o, con cobertura en los 212 municipios de Veracruz, y que recientemente se firm\u00f3 un convenio de colaboraci\u00f3n con ayuntamientos para fortalecer la ejecuci\u00f3n de las \u00f3rdenes de protecci\u00f3n mediante la coordinaci\u00f3n entre polic\u00edas estatales y municipales.<\/p>\n\n\n\n<p><br>La mandataria estatal tambi\u00e9n destac\u00f3 que, a trav\u00e9s del Instituto Veracruzano de las Mujeres y en coordinaci\u00f3n con el Gobierno de M\u00e9xico, se han ampliado las acciones para la atenci\u00f3n integral de las veracruzanas. Entre ellas mencion\u00f3 la apertura de 31 Centros Libres para las Mujeres durante 2025, as\u00ed como el proyecto de habilitar 17 m\u00e1s en 2026, con la meta de alcanzar 48 espacios en todo el estado.<\/p>\n\n\n\n<p><br>Se\u00f1al\u00f3 que estas acciones se complementan con el programa Refugio Integral, que brinda protecci\u00f3n, acompa\u00f1amiento y atenci\u00f3n especializada con perspectiva de g\u00e9nero y derechos humanos a mujeres v\u00edctimas de violencia, as\u00ed como a sus hijas e hijos cuando se encuentran en situaci\u00f3n de riesgo.<br><\/p>\n\n\n\n<p><\/p>\n","protected":false},"excerpt":{"rendered":"<p>Jes\u00fas Utrilla | NV Noticias En el marco de la conmemoraci\u00f3n del D\u00eda Internacional de la Mujer, la gobernadora de Veracruz, Roc\u00edo Nahle Garc\u00eda, anunci\u00f3 el impulso de una iniciativa para crear el Sistema de \u00d3rdenes de Protecci\u00f3n Inmediata para Mujeres en la entidad, con el objetivo de fortalecer los mecanismos de atenci\u00f3n y respuesta [&hellip;]<\/p>\n","protected":false},"author":35,"featured_media":139007,"comment_status":"open","ping_status":"open","sticky":false,"template":"","format":"standard","meta":{"_monsterinsights_skip_tracking":false,"_monsterinsights_sitenote_active":false,"_monsterinsights_sitenote_note":"","_monsterinsights_sitenote_category":0,"footnotes":""},"categories":[154],"tags":[299,573],"class_list":["post-211202","post","type-post","status-publish","format-standard","has-post-thumbnail","hentry","category-veracruz","tag-gobierno","tag-mujeres","wp-image-borders"],"amp_enabled":true,"_links":{"self":[{"href":"https:\/\/nvnoticias.mx\/index.php\/wp-json\/wp\/v2\/posts\/211202","targetHints":{"allow":["GET"]}}],"collection":[{"href":"https:\/\/nvnoticias.mx\/index.php\/wp-json\/wp\/v2\/posts"}],"about":[{"href":"https:\/\/nvnoticias.mx\/index.php\/wp-json\/wp\/v2\/types\/post"}],"author":[{"embeddable":true,"href":"https:\/\/nvnoticias.mx\/index.php\/wp-json\/wp\/v2\/users\/35"}],"replies":[{"embeddable":true,"href":"https:\/\/nvnoticias.mx\/index.php\/wp-json\/wp\/v2\/comments?post=211202"}],"version-history":[{"count":4,"href":"https:\/\/nvnoticias.mx\/index.php\/wp-json\/wp\/v2\/posts\/211202\/revisions"}],"predecessor-version":[{"id":211206,"href":"https:\/\/nvnoticias.mx\/index.php\/wp-json\/wp\/v2\/posts\/211202\/revisions\/211206"}],"wp:featuredmedia":[{"embeddable":true,"href":"https:\/\/nvnoticias.mx\/index.php\/wp-json\/wp\/v2\/media\/139007"}],"wp:attachment":[{"href":"https:\/\/nvnoticias.mx\/index.php\/wp-json\/wp\/v2\/media?parent=211202"}],"wp:term":[{"taxonomy":"category","embeddable":true,"href":"https:\/\/nvnoticias.mx\/index.php\/wp-json\/wp\/v2\/categories?post=211202"},{"taxonomy":"post_tag","embeddable":true,"href":"https:\/\/nvnoticias.mx\/index.php\/wp-json\/wp\/v2\/tags?post=211202"}],"curies":[{"name":"wp","href":"https:\/\/api.w.org\/{rel}","templated":true}]}}