{"id":211175,"date":"2026-03-08T12:41:43","date_gmt":"2026-03-08T18:41:43","guid":{"rendered":"https:\/\/nvnoticias.mx\/?p=211175"},"modified":"2026-03-08T12:41:54","modified_gmt":"2026-03-08T18:41:54","slug":"la-guardia-islamica-ataca-bases-militares-de-eu-en-bahrein-y-los-emiratos-arabes","status":"publish","type":"post","link":"https:\/\/nvnoticias.mx\/index.php\/2026\/03\/08\/la-guardia-islamica-ataca-bases-militares-de-eu-en-bahrein-y-los-emiratos-arabes\/","title":{"rendered":"La guardia isl\u00e1mica ataca bases militares de EU en Bahr\u00e9in y los Emiratos \u00c1rabes"},"content":{"rendered":"\n<p>El Cuerpo de Guardianes de la Revoluci\u00f3n Isl\u00e1mica (CGRI) anunci\u00f3 ayer ataques contra posiciones estadunidenses en las bases militares de Al Dhafra, en Emiratos \u00c1rabes Unidos, y la base naval de Juffair, en Bahr\u00e9in, sede de la Quinta Flota de la Marina de Estados Unidos.<\/p>\n\n\n\n<p>Al Dhafra alberga una misi\u00f3n de la fuerza a\u00e9rea estadunidense y en las instalaciones tambi\u00e9n hay un despliegue del gobierno franc\u00e9s con aviones de combate Rafale y equipos de vigilancia.<\/p>\n\n\n\n<p>En la capital de Emiratos \u00c1rabes se reportaron explosiones en el distrito tur\u00edstico Dub\u00e1i Marina, donde llamas y humo se elevaron desde un rascacielos residencial tras un supuesto ataque con drones, report\u00f3 el portal ruso RT. No se inform\u00f3 el motivo del fuego.<\/p>\n\n\n\n<p>El CGRI anunci\u00f3 bombardeos de madrugada contra posiciones de grupos armados de oposici\u00f3n kurdos en la regi\u00f3n del Kurdist\u00e1n iraqu\u00ed. \u201cSi los grupos separatistas de la regi\u00f3n realizan cualquier movimiento contra la integridad territorial de Ir\u00e1n, ser\u00e1n aplastados\u201d, sostuvo una fuente militar.<\/p>\n\n\n\n<p>Fuente:<a href=\"https:\/\/www.jornada.com.mx\/noticia\/2026\/03\/08\/mundo\/la-guardia-islamica-ataca-bases-militares-de-eu-en-bahrein-y-los-emiratos-arabes\"> La Jornada<\/a><\/p>\n","protected":false},"excerpt":{"rendered":"<p>El Cuerpo de Guardianes de la Revoluci\u00f3n Isl\u00e1mica (CGRI) anunci\u00f3 ayer ataques contra posiciones estadunidenses en las bases militares de Al Dhafra, en Emiratos \u00c1rabes Unidos, y la base naval de Juffair, en Bahr\u00e9in, sede de la Quinta Flota de la Marina de Estados Unidos. Al Dhafra alberga una misi\u00f3n de la fuerza a\u00e9rea estadunidense [&hellip;]<\/p>\n","protected":false},"author":35,"featured_media":211176,"comment_status":"open","ping_status":"open","sticky":false,"template":"","format":"standard","meta":{"_monsterinsights_skip_tracking":false,"_monsterinsights_sitenote_active":false,"_monsterinsights_sitenote_note":"","_monsterinsights_sitenote_category":0,"footnotes":""},"categories":[181],"tags":[7444,183],"class_list":["post-211175","post","type-post","status-publish","format-standard","has-post-thumbnail","hentry","category-internacional","tag-emiratos-arabes-unidos","tag-estados-unidos","wp-image-borders"],"amp_enabled":true,"_links":{"self":[{"href":"https:\/\/nvnoticias.mx\/index.php\/wp-json\/wp\/v2\/posts\/211175","targetHints":{"allow":["GET"]}}],"collection":[{"href":"https:\/\/nvnoticias.mx\/index.php\/wp-json\/wp\/v2\/posts"}],"about":[{"href":"https:\/\/nvnoticias.mx\/index.php\/wp-json\/wp\/v2\/types\/post"}],"author":[{"embeddable":true,"href":"https:\/\/nvnoticias.mx\/index.php\/wp-json\/wp\/v2\/users\/35"}],"replies":[{"embeddable":true,"href":"https:\/\/nvnoticias.mx\/index.php\/wp-json\/wp\/v2\/comments?post=211175"}],"version-history":[{"count":3,"href":"https:\/\/nvnoticias.mx\/index.php\/wp-json\/wp\/v2\/posts\/211175\/revisions"}],"predecessor-version":[{"id":211179,"href":"https:\/\/nvnoticias.mx\/index.php\/wp-json\/wp\/v2\/posts\/211175\/revisions\/211179"}],"wp:featuredmedia":[{"embeddable":true,"href":"https:\/\/nvnoticias.mx\/index.php\/wp-json\/wp\/v2\/media\/211176"}],"wp:attachment":[{"href":"https:\/\/nvnoticias.mx\/index.php\/wp-json\/wp\/v2\/media?parent=211175"}],"wp:term":[{"taxonomy":"category","embeddable":true,"href":"https:\/\/nvnoticias.mx\/index.php\/wp-json\/wp\/v2\/categories?post=211175"},{"taxonomy":"post_tag","embeddable":true,"href":"https:\/\/nvnoticias.mx\/index.php\/wp-json\/wp\/v2\/tags?post=211175"}],"curies":[{"name":"wp","href":"https:\/\/api.w.org\/{rel}","templated":true}]}}