{"id":211165,"date":"2026-03-08T12:13:59","date_gmt":"2026-03-08T18:13:59","guid":{"rendered":"https:\/\/nvnoticias.mx\/?p=211165"},"modified":"2026-03-08T12:14:10","modified_gmt":"2026-03-08T18:14:10","slug":"cabeza-fria-ante-los-dichos-de-trump-sheinbaum","status":"publish","type":"post","link":"https:\/\/nvnoticias.mx\/index.php\/2026\/03\/08\/cabeza-fria-ante-los-dichos-de-trump-sheinbaum\/","title":{"rendered":"Cabeza fr\u00eda ante los dichos de Trump:  Sheinbaum"},"content":{"rendered":"\n<p>La presidenta Claudia Sheinbaum Pardo pidi\u00f3 ayer mantener la cabeza fr\u00eda ante las aseveraciones de su hom\u00f3logo estadunidense, Donald Trump, quien afirm\u00f3 que M\u00e9xico es el epicentro de la violencia de los c\u00e1rteles.<\/p>\n\n\n\n<p>De gira por el oriente del estado de M\u00e9xico, reporteros preguntaron a la mandataria sobre las declaraciones del republicano: \u201cLo vemos el lunes. Cabeza fr\u00eda\u201d, respondi\u00f3.<\/p>\n\n\n\n<p>Sheinbaum inaugur\u00f3 un plantel del bachillerato nacional en Ixtapaluca y otro en Chimalhuac\u00e1n. Ante estudiantes, se\u00f1al\u00f3 que la educaci\u00f3n es una herramienta para reducir la violencia y llam\u00f3 a no creer todo lo que circula en redes sociales, donde \u2013dijo\u2013 los algoritmos pueden amplificar falsedades, as\u00ed como visiones negativas sobre M\u00e9xico. \u201cLo que les quiero decir es que las redes sociales no siempre dicen la verdad, no siempre tienen la informaci\u00f3n suficiente, y muchas veces son los propios algoritmos los que les hacen pensar de una manera\u201d, afirm\u00f3 al pedirles que usen con responsabilidad dichas plataformas.<\/p>\n\n\n\n<p>En Ixtapaluca defendi\u00f3 el papel de la educaci\u00f3n p\u00fablica para el desarrollo. \u201cA m\u00e1s educaci\u00f3n, hay menos violencia. Cuando hay acceso a la educaci\u00f3n, hay m\u00e1s desarrollo y m\u00e1s riqueza generada en el pa\u00eds\u201d, afirm\u00f3.<\/p>\n\n\n\n<p>Tambi\u00e9n cuestion\u00f3 la idea de que la ense\u00f1anza privada sea superior. \u201cHubo gobiernos que difundieron que la educaci\u00f3n privada era mejor que la p\u00fablica. \u00bfSaben qu\u00e9? Eso es falso. La educaci\u00f3n p\u00fablica es la mejor de todas\u201d, dijo al reconocer el trabajo de las maestras y los maestros.<\/p>\n\n\n\n<p>Ante estudiantes, madres y padres de familia, llam\u00f3 a evitar la deserci\u00f3n escolar. \u201cQuiero que hagamos un compromiso todas y todos: que quienes entran este semestre se queden hasta el \u00faltimo semestre de la preparatoria\u201d, exhort\u00f3.<\/p>\n\n\n\n<p>M\u00e1s tarde, en Chimalhuac\u00e1n, llam\u00f3 a los j\u00f3venes a sentirse orgullosos del pa\u00eds. \u201cHay que estar muy orgullosos de ser mexicanas y mexicanos. Somos el mejor pa\u00eds del mundo, nadie tiene la riqueza ni el pueblo que tiene nuestro M\u00e9xico\u201d, expres\u00f3.<\/p>\n\n\n\n<p>Los dos planteles forman parte del Plan Integral de la Zona Oriente del Estado de M\u00e9xico y contaron con una inversi\u00f3n de 50 millones de pesos para su construcci\u00f3n y 17 millones para equipamiento, con capacidad para 540 estudiantes por turno. El bachillerato permitir\u00e1 que los egresados obtengan dos certificados: uno de bachillerato general y otro de t\u00e9cnico avalado por instituciones p\u00fablicas de educaci\u00f3n superior, con carreras como inteligencia artificial, inteligencia en negocios y ciberseguridad.<\/p>\n\n\n\n<p>Por la tarde, en Tec\u00e1mac, la Presidenta inici\u00f3 la conmemoraci\u00f3n del D\u00eda Internacional de la Mujer con la entrega de 500 escrituras del Instituto Nacional del Suelo Sustentable (Insus) y 447 constancias de condonaci\u00f3n de cr\u00e9ditos del Fovissste a mujeres del municipio.<\/p>\n\n\n\n<p>Se\u00f1al\u00f3 que la entrega de escrituras busca garantizar seguridad patrimonial. \u201cAlgo tan sencillo como tener la propiedad de nuestra vivienda era un derecho que parec\u00eda imposible\u201d, afirm\u00f3, y record\u00f3 que el programa Vivienda para el Bienestar prev\u00e9 construir 1.8 millones de viviendas para personas que perciben entre uno y dos salarios m\u00ednimos.<\/p>\n\n\n\n<p>Fuente: La <a href=\"https:\/\/www.jornada.com.mx\/noticia\/2026\/03\/08\/politica\/cabeza-fria-ante-los-dichos-de-trump-insiste-sheinbaum\">Jornada<\/a><\/p>\n","protected":false},"excerpt":{"rendered":"<p>La presidenta Claudia Sheinbaum Pardo pidi\u00f3 ayer mantener la cabeza fr\u00eda ante las aseveraciones de su hom\u00f3logo estadunidense, Donald Trump, quien afirm\u00f3 que M\u00e9xico es el epicentro de la violencia de los c\u00e1rteles. De gira por el oriente del estado de M\u00e9xico, reporteros preguntaron a la mandataria sobre las declaraciones del republicano: \u201cLo vemos el [&hellip;]<\/p>\n","protected":false},"author":35,"featured_media":211168,"comment_status":"open","ping_status":"open","sticky":false,"template":"","format":"standard","meta":{"_monsterinsights_skip_tracking":false,"_monsterinsights_sitenote_active":false,"_monsterinsights_sitenote_note":"","_monsterinsights_sitenote_category":0,"footnotes":""},"categories":[158],"tags":[2801,230,183,292,162],"class_list":["post-211165","post","type-post","status-publish","format-standard","has-post-thumbnail","hentry","category-politica","tag-claudia-sheinbaum","tag-donald-trump","tag-estados-unidos","tag-mexico","tag-portada","wp-image-borders"],"amp_enabled":true,"_links":{"self":[{"href":"https:\/\/nvnoticias.mx\/index.php\/wp-json\/wp\/v2\/posts\/211165","targetHints":{"allow":["GET"]}}],"collection":[{"href":"https:\/\/nvnoticias.mx\/index.php\/wp-json\/wp\/v2\/posts"}],"about":[{"href":"https:\/\/nvnoticias.mx\/index.php\/wp-json\/wp\/v2\/types\/post"}],"author":[{"embeddable":true,"href":"https:\/\/nvnoticias.mx\/index.php\/wp-json\/wp\/v2\/users\/35"}],"replies":[{"embeddable":true,"href":"https:\/\/nvnoticias.mx\/index.php\/wp-json\/wp\/v2\/comments?post=211165"}],"version-history":[{"count":3,"href":"https:\/\/nvnoticias.mx\/index.php\/wp-json\/wp\/v2\/posts\/211165\/revisions"}],"predecessor-version":[{"id":211169,"href":"https:\/\/nvnoticias.mx\/index.php\/wp-json\/wp\/v2\/posts\/211165\/revisions\/211169"}],"wp:featuredmedia":[{"embeddable":true,"href":"https:\/\/nvnoticias.mx\/index.php\/wp-json\/wp\/v2\/media\/211168"}],"wp:attachment":[{"href":"https:\/\/nvnoticias.mx\/index.php\/wp-json\/wp\/v2\/media?parent=211165"}],"wp:term":[{"taxonomy":"category","embeddable":true,"href":"https:\/\/nvnoticias.mx\/index.php\/wp-json\/wp\/v2\/categories?post=211165"},{"taxonomy":"post_tag","embeddable":true,"href":"https:\/\/nvnoticias.mx\/index.php\/wp-json\/wp\/v2\/tags?post=211165"}],"curies":[{"name":"wp","href":"https:\/\/api.w.org\/{rel}","templated":true}]}}