{"id":211160,"date":"2026-03-08T12:11:21","date_gmt":"2026-03-08T18:11:21","guid":{"rendered":"https:\/\/nvnoticias.mx\/?p=211160"},"modified":"2026-03-08T12:11:31","modified_gmt":"2026-03-08T18:11:31","slug":"mexico-epicentro-de-la-violencia-de-carteles-en-la-region-trump","status":"publish","type":"post","link":"https:\/\/nvnoticias.mx\/index.php\/2026\/03\/08\/mexico-epicentro-de-la-violencia-de-carteles-en-la-region-trump\/","title":{"rendered":"M\u00e9xico, \u201cepicentro\u201d de la violencia de c\u00e1rteles en la regi\u00f3n: Trump"},"content":{"rendered":"\n<p>Donald Trump reiter\u00f3 que M\u00e9xico representa una amenaza de seguridad nacional para Estados Unidos, ya que est\u00e1 controlado por los c\u00e1rteles de la droga, y es \u201cel epicentro\u201d de la violencia criminal del hemisferio occidental, advirtiendo que a pesar de que le \u201ccae muy bien\u201d la \u201chermosa\u201d mandataria mexicana, su gobierno no puede tolerar esa situaci\u00f3n en el pa\u00eds vecino.<\/p>\n\n\n\n<p>En su discurso en la inauguraci\u00f3n de una nueva entidad bautizada como Escudo de las Am\u00e9ricas en Miami, Trump dijo que ha llegado el momento de frenar al crimen trasnacional en el hemisferio, y subray\u00f3 que \u201cel epicentro de la violencia de los c\u00e1rteles es M\u00e9xico\u201d. Acus\u00f3 que \u201clos c\u00e1rteles mexicanos est\u00e1n nutriendo y orquestando mucho del derramamiento de sangre y caos en este hemisferio, y el gobierno de Estados Unidos har\u00e1 lo que sea necesario para defender nuestra seguridad nacional y proteger la seguridad del pueblo estadunidense\u201d.<\/p>\n\n\n\n<p>\u201cMiren, todo viene a trav\u00e9s de M\u00e9xico\u201d, afirm\u00f3 en referencia a las drogas y una vez m\u00e1s \u2013como lo ha repetido desde que lleg\u00f3 a la Casa Blanca como parte de su t\u00e1ctica de presi\u00f3n que ha empleado contra el gobierno mexicano\u2013 elogi\u00f3 a la presidenta Claudia Sheinbaum, pero subray\u00f3 que M\u00e9xico est\u00e1 bajo control de los c\u00e1rteles. \u201cY me cae muy bien la Presidenta. Es muy buena persona. Tiene una voz hermosa, es una mujer hermosa. Pero voz hermosa, Presidenta, Presidenta, Presidenta, le dije, d\u00e9jeme erradicar a las protestas\u201d, en aparente referencia a la ola de violencia tras la captura de&nbsp;<em>El Mencho<\/em>.<\/p>\n\n\n\n<p>Continu\u00f3 sobre los c\u00e1rteles mexicanos: \u201ctenemos que erradicarlos, los tenemos que golpear como el infierno, porque est\u00e1n cada vez peor. Est\u00e1n tomando a ese pa\u00eds. Los c\u00e1rteles controlan M\u00e9xico. No podemos tener eso. Demasiado cerca de nosotros\u2026. Pero todo llega pasando por M\u00e9xico, en gran parte\u201d.<\/p>\n\n\n\n<p>El gobierno de M\u00e9xico \u2013junto con el de Brasil y Colombia, entre otros\u2013 no estaba presente en esta \u201ccumbre\u201d de s\u00f3lo 12 mandatarios de Am\u00e9rica.<\/p>\n\n\n\n<p>Los comentarios de Trump sobre M\u00e9xico no marcaron ning\u00fan giro en la postura del gobierno estadunidense, y son parte de una estrategia de cr\u00edtica constante mezclada con elogios y trato personal respetuoso e incluso acuerdos que han caracterizado el manejo de la relaci\u00f3n bilateral por el mandatario desde que lleg\u00f3 a la Casa Blanca.<\/p>\n\n\n\n<p>Sin embargo, cada amenaza es inevitablemente m\u00e1s ominosa en una coyuntura donde la ret\u00f3rica amenazante de Trump tambi\u00e9n se ha traducido en acciones, incluidos bombardeos de supuestas&nbsp;<em>narcolanchas<\/em>, el secuestro a un jefe de Estado en Venezuela, el asesinato de otro en Ir\u00e1n y la amenaza directa de una ofensiva para lograr un cambio de r\u00e9gimen en Cuba.<\/p>\n\n\n\n<p>Fuente:<a href=\"https:\/\/www.jornada.com.mx\/noticia\/2026\/03\/08\/politica\/mexico-epicentro-de-la-violencia-de-carteles-en-la-region-trump\"> La Jornada<\/a><\/p>\n","protected":false},"excerpt":{"rendered":"<p>Donald Trump reiter\u00f3 que M\u00e9xico representa una amenaza de seguridad nacional para Estados Unidos, ya que est\u00e1 controlado por los c\u00e1rteles de la droga, y es \u201cel epicentro\u201d de la violencia criminal del hemisferio occidental, advirtiendo que a pesar de que le \u201ccae muy bien\u201d la \u201chermosa\u201d mandataria mexicana, su gobierno no puede tolerar esa [&hellip;]<\/p>\n","protected":false},"author":35,"featured_media":211163,"comment_status":"open","ping_status":"open","sticky":false,"template":"","format":"standard","meta":{"_monsterinsights_skip_tracking":false,"_monsterinsights_sitenote_active":false,"_monsterinsights_sitenote_note":"","_monsterinsights_sitenote_category":0,"footnotes":""},"categories":[181],"tags":[230,183,292,162],"class_list":["post-211160","post","type-post","status-publish","format-standard","has-post-thumbnail","hentry","category-internacional","tag-donald-trump","tag-estados-unidos","tag-mexico","tag-portada","wp-image-borders"],"amp_enabled":true,"_links":{"self":[{"href":"https:\/\/nvnoticias.mx\/index.php\/wp-json\/wp\/v2\/posts\/211160","targetHints":{"allow":["GET"]}}],"collection":[{"href":"https:\/\/nvnoticias.mx\/index.php\/wp-json\/wp\/v2\/posts"}],"about":[{"href":"https:\/\/nvnoticias.mx\/index.php\/wp-json\/wp\/v2\/types\/post"}],"author":[{"embeddable":true,"href":"https:\/\/nvnoticias.mx\/index.php\/wp-json\/wp\/v2\/users\/35"}],"replies":[{"embeddable":true,"href":"https:\/\/nvnoticias.mx\/index.php\/wp-json\/wp\/v2\/comments?post=211160"}],"version-history":[{"count":3,"href":"https:\/\/nvnoticias.mx\/index.php\/wp-json\/wp\/v2\/posts\/211160\/revisions"}],"predecessor-version":[{"id":211164,"href":"https:\/\/nvnoticias.mx\/index.php\/wp-json\/wp\/v2\/posts\/211160\/revisions\/211164"}],"wp:featuredmedia":[{"embeddable":true,"href":"https:\/\/nvnoticias.mx\/index.php\/wp-json\/wp\/v2\/media\/211163"}],"wp:attachment":[{"href":"https:\/\/nvnoticias.mx\/index.php\/wp-json\/wp\/v2\/media?parent=211160"}],"wp:term":[{"taxonomy":"category","embeddable":true,"href":"https:\/\/nvnoticias.mx\/index.php\/wp-json\/wp\/v2\/categories?post=211160"},{"taxonomy":"post_tag","embeddable":true,"href":"https:\/\/nvnoticias.mx\/index.php\/wp-json\/wp\/v2\/tags?post=211160"}],"curies":[{"name":"wp","href":"https:\/\/api.w.org\/{rel}","templated":true}]}}