{"id":211141,"date":"2026-03-08T10:00:24","date_gmt":"2026-03-08T16:00:24","guid":{"rendered":"https:\/\/nvnoticias.mx\/?p=211141"},"modified":"2026-03-08T10:00:34","modified_gmt":"2026-03-08T16:00:34","slug":"revision-del-t-mec-dara-certidumbre-a-relacion-con-eu-consul-mexicano-en-laredo","status":"publish","type":"post","link":"https:\/\/nvnoticias.mx\/index.php\/2026\/03\/08\/revision-del-t-mec-dara-certidumbre-a-relacion-con-eu-consul-mexicano-en-laredo\/","title":{"rendered":"Revisi\u00f3n del T-MEC dar\u00e1 certidumbre a relaci\u00f3n con EU: C\u00f3nsul mexicano en Laredo"},"content":{"rendered":"\n<p>El c\u00f3nsul general de M\u00e9xico en&nbsp;Laredo, Texas, Juan Carlos Mendoza, inform\u00f3 que durante los primeros meses de 2026 la relaci\u00f3n bilateral entre M\u00e9xico y Estados Unidos se ha mantenido estable, y destac\u00f3 que el inicio del proceso de revisi\u00f3n del Tratado entre M\u00e9xico, Estados Unidos y Canad\u00e1 (T-MEC) aportar\u00e1 certidumbre a la cooperaci\u00f3n econ\u00f3mica entre ambos pa\u00edses.<\/p>\n\n\n\n<p>El diplom\u00e1tico se\u00f1al\u00f3 que el secretario de Econom\u00eda ya anunci\u00f3 la fecha para iniciar la revisi\u00f3n del acuerdo comercial, lo que permitir\u00e1 fortalecer la estabilidad en la relaci\u00f3n bilateral. Precis\u00f3 que el proceso corresponde \u00fanicamente a una revisi\u00f3n del tratado vigente y no a la negociaci\u00f3n de un nuevo acuerdo, como se hab\u00eda planteado en algunos escenarios previos.<\/p>\n\n\n\n<p>Mendoza explic\u00f3 que este procedimiento forma parte de los mecanismos establecidos dentro del propio tratado y contribuir\u00e1 a mantener condiciones claras para el comercio y la inversi\u00f3n en la regi\u00f3n de Norteam\u00e9rica.<\/p>\n\n\n\n<p>En el \u00e1mbito migratorio, el funcionario indic\u00f3 que en la zona de&nbsp;Laredo&nbsp;se ha observado durante el primer bimestre del a\u00f1o un incremento moderado en el n\u00famero de mexicanos localizados en centros de procesamiento de la Patrulla Fronteriza. Detall\u00f3 que anteriormente se registraban entre 12 y 20 connacionales durante las visitas consulares, mientras que actualmente las cifras pueden oscilar entre 40 y 50 personas.<\/p>\n\n\n\n<p>De acuerdo con el c\u00f3nsul, m\u00e1s de la mitad de estas personas son migrantes que previamente hab\u00edan vivido en Estados Unidos y que intentan regresar al pa\u00eds ante la demanda de mano de obra existente.<\/p>\n\n\n\n<p>Mendoza a\u00f1adi\u00f3 que el mercado laboral estadounidense requiere alrededor de 500 mil trabajadores adicionales cuando su econom\u00eda registra crecimiento, por lo que consider\u00f3 que en el futuro ser\u00e1 necesario avanzar en mecanismos de movilidad laboral entre ambas naciones, ya que las visas de trabajo temporal disponibles actualmente resultan insuficientes para cubrir esa demanda.\u00a0<br><\/p>\n\n\n\n<p>Fuente:<a href=\"https:\/\/www.jornada.com.mx\/noticia\/2026\/03\/07\/estados\/revision-del-tmec-dara-certidumbre-a-relacion-con-eu-consul-mexicano-en-laredo\"> La Jornada<\/a><\/p>\n","protected":false},"excerpt":{"rendered":"<p>El c\u00f3nsul general de M\u00e9xico en&nbsp;Laredo, Texas, Juan Carlos Mendoza, inform\u00f3 que durante los primeros meses de 2026 la relaci\u00f3n bilateral entre M\u00e9xico y Estados Unidos se ha mantenido estable, y destac\u00f3 que el inicio del proceso de revisi\u00f3n del Tratado entre M\u00e9xico, Estados Unidos y Canad\u00e1 (T-MEC) aportar\u00e1 certidumbre a la cooperaci\u00f3n econ\u00f3mica entre [&hellip;]<\/p>\n","protected":false},"author":35,"featured_media":211142,"comment_status":"open","ping_status":"open","sticky":false,"template":"","format":"standard","meta":{"_monsterinsights_skip_tracking":false,"_monsterinsights_sitenote_active":false,"_monsterinsights_sitenote_note":"","_monsterinsights_sitenote_category":0,"footnotes":""},"categories":[157],"tags":[183,292,162],"class_list":["post-211141","post","type-post","status-publish","format-standard","has-post-thumbnail","hentry","category-nacional","tag-estados-unidos","tag-mexico","tag-portada","wp-image-borders"],"amp_enabled":true,"_links":{"self":[{"href":"https:\/\/nvnoticias.mx\/index.php\/wp-json\/wp\/v2\/posts\/211141","targetHints":{"allow":["GET"]}}],"collection":[{"href":"https:\/\/nvnoticias.mx\/index.php\/wp-json\/wp\/v2\/posts"}],"about":[{"href":"https:\/\/nvnoticias.mx\/index.php\/wp-json\/wp\/v2\/types\/post"}],"author":[{"embeddable":true,"href":"https:\/\/nvnoticias.mx\/index.php\/wp-json\/wp\/v2\/users\/35"}],"replies":[{"embeddable":true,"href":"https:\/\/nvnoticias.mx\/index.php\/wp-json\/wp\/v2\/comments?post=211141"}],"version-history":[{"count":3,"href":"https:\/\/nvnoticias.mx\/index.php\/wp-json\/wp\/v2\/posts\/211141\/revisions"}],"predecessor-version":[{"id":211145,"href":"https:\/\/nvnoticias.mx\/index.php\/wp-json\/wp\/v2\/posts\/211141\/revisions\/211145"}],"wp:featuredmedia":[{"embeddable":true,"href":"https:\/\/nvnoticias.mx\/index.php\/wp-json\/wp\/v2\/media\/211142"}],"wp:attachment":[{"href":"https:\/\/nvnoticias.mx\/index.php\/wp-json\/wp\/v2\/media?parent=211141"}],"wp:term":[{"taxonomy":"category","embeddable":true,"href":"https:\/\/nvnoticias.mx\/index.php\/wp-json\/wp\/v2\/categories?post=211141"},{"taxonomy":"post_tag","embeddable":true,"href":"https:\/\/nvnoticias.mx\/index.php\/wp-json\/wp\/v2\/tags?post=211141"}],"curies":[{"name":"wp","href":"https:\/\/api.w.org\/{rel}","templated":true}]}}