{"id":211125,"date":"2026-03-07T15:10:58","date_gmt":"2026-03-07T21:10:58","guid":{"rendered":"https:\/\/nvnoticias.mx\/?p=211125"},"modified":"2026-03-07T15:11:06","modified_gmt":"2026-03-07T21:11:06","slug":"trump-anuncia-una-nueva-coalicion-militar-en-latinoamerica-contra-los-carteles-sin-mexico","status":"publish","type":"post","link":"https:\/\/nvnoticias.mx\/index.php\/2026\/03\/07\/trump-anuncia-una-nueva-coalicion-militar-en-latinoamerica-contra-los-carteles-sin-mexico\/","title":{"rendered":"Trump anuncia una nueva &#8216;coalici\u00f3n militar&#8217; en Latinoam\u00e9rica contra los carteles sin M\u00e9xico"},"content":{"rendered":"\n<p><\/p>\n\n\n\n<p>El presidente de Estados Unidos, Donald Trump, anunci\u00f3 este s\u00e1bado una nueva &#8220;coalici\u00f3n militar&#8221; en Latinoam\u00e9rica contra los carteles del narcotr\u00e1fico, durante la cumbre &#8216;Escudo de las Am\u00e9ricas&#8217; en Miami con l\u00edderes de derecha de la regi\u00f3n, a quienes dijo que necesita su &#8220;ayuda&#8221;.<\/p>\n\n\n\n<p>El mandatario realiz\u00f3 este anuncio durante el encuentro con 12 mandatarios latinoamericanos de derecha a la que no fueron invitados&nbsp;M\u00e9xico, Brasil o Colombia.<br><br>&#8220;En este d\u00eda hist\u00f3rico nos reunimos para anunciar una nueva coalici\u00f3n militar para erradicar los carteles criminales que asolan nuestra regi\u00f3n&#8221;, declar\u00f3 el mandatario durante un discurso antes de firmar un decreto para formalizar esta nueva coalici\u00f3n.<br><br>La esencia del acuerdo, dijo Trump, es &#8220;el compromiso de usar fuerza militar letal para destruir&#8221; a los carteles.<br><br>&#8220;De una vez por todas, nos desharemos de ellos. Necesitamos su ayuda. Solo tienen que decirnos d\u00f3nde est\u00e1n&#8221;, expres\u00f3 el mandatario.<br><br>El republicano prometi\u00f3 que atacar\u00e1 las redes del narcotr\u00e1fico incluso &#8220;con m\u00e1s intensidad&#8221; de la que tuvo la campa\u00f1a contra supuestas lanchas cargadas con drogas en el Caribe durante las semanas anteriores a la captura del mandatario venezolano, Nicol\u00e1s Maduro, en Venezuela.<br><br>En el mismo discurso, el mandatario se\u00f1al\u00f3 que M\u00e9xico es el &#8220;epicentro de la violencia de los carteles&#8221; y se burl\u00f3 de la presidenta mexicana, Claudia Sheinbaum, no invitada a la cumbre porque, dijo, que ha rechazado la ayuda estadounidense para combatirlos.<br><br>Los asistentes a la cumbre son los l\u00edderes de Argentina, Javier Milei; de Bolivia, Rodrigo Paz; de Costa Rica, Rodrigo Ch\u00e1vez; de Rep\u00fablica Dominicana, Luis Abinader; de Ecuador, Daniel Noboa; de El Salvador, Nayib Bukele; de Guyana, Irfaan Ali; de Honduras, Nasry &#8216;Tito&#8217;0 Asfura; de Panam\u00e1, Jos\u00e9 Ra\u00fal Mulino; de Paraguay, Santiago Pe\u00f1a; y de Trinidad y Tobago, Kamla Persad-Bissessar.<br><br>Tambi\u00e9n el presidente electo de Chile, Jos\u00e9 Antonio Kast, quien el pr\u00f3ximo mi\u00e9rcoles tomar\u00e1 posesi\u00f3n.<\/p>\n\n\n\n<p><\/p>\n","protected":false},"excerpt":{"rendered":"<p>El presidente de Estados Unidos, Donald Trump, anunci\u00f3 este s\u00e1bado una nueva &#8220;coalici\u00f3n militar&#8221; en Latinoam\u00e9rica contra los carteles del narcotr\u00e1fico, durante la cumbre &#8216;Escudo de las Am\u00e9ricas&#8217; en Miami con l\u00edderes de derecha de la regi\u00f3n, a quienes dijo que necesita su &#8220;ayuda&#8221;. El mandatario realiz\u00f3 este anuncio durante el encuentro con 12 mandatarios [&hellip;]<\/p>\n","protected":false},"author":8,"featured_media":211126,"comment_status":"open","ping_status":"open","sticky":false,"template":"","format":"standard","meta":{"_monsterinsights_skip_tracking":false,"_monsterinsights_sitenote_active":false,"_monsterinsights_sitenote_note":"","_monsterinsights_sitenote_category":0,"footnotes":""},"categories":[181],"tags":[3045,33127,3989],"class_list":["post-211125","post","type-post","status-publish","format-standard","has-post-thumbnail","hentry","category-internacional","tag-carteles","tag-coalicion-militar","tag-latinoamerica","wp-image-borders"],"amp_enabled":true,"_links":{"self":[{"href":"https:\/\/nvnoticias.mx\/index.php\/wp-json\/wp\/v2\/posts\/211125","targetHints":{"allow":["GET"]}}],"collection":[{"href":"https:\/\/nvnoticias.mx\/index.php\/wp-json\/wp\/v2\/posts"}],"about":[{"href":"https:\/\/nvnoticias.mx\/index.php\/wp-json\/wp\/v2\/types\/post"}],"author":[{"embeddable":true,"href":"https:\/\/nvnoticias.mx\/index.php\/wp-json\/wp\/v2\/users\/8"}],"replies":[{"embeddable":true,"href":"https:\/\/nvnoticias.mx\/index.php\/wp-json\/wp\/v2\/comments?post=211125"}],"version-history":[{"count":1,"href":"https:\/\/nvnoticias.mx\/index.php\/wp-json\/wp\/v2\/posts\/211125\/revisions"}],"predecessor-version":[{"id":211127,"href":"https:\/\/nvnoticias.mx\/index.php\/wp-json\/wp\/v2\/posts\/211125\/revisions\/211127"}],"wp:featuredmedia":[{"embeddable":true,"href":"https:\/\/nvnoticias.mx\/index.php\/wp-json\/wp\/v2\/media\/211126"}],"wp:attachment":[{"href":"https:\/\/nvnoticias.mx\/index.php\/wp-json\/wp\/v2\/media?parent=211125"}],"wp:term":[{"taxonomy":"category","embeddable":true,"href":"https:\/\/nvnoticias.mx\/index.php\/wp-json\/wp\/v2\/categories?post=211125"},{"taxonomy":"post_tag","embeddable":true,"href":"https:\/\/nvnoticias.mx\/index.php\/wp-json\/wp\/v2\/tags?post=211125"}],"curies":[{"name":"wp","href":"https:\/\/api.w.org\/{rel}","templated":true}]}}