{"id":211123,"date":"2026-03-07T15:06:13","date_gmt":"2026-03-07T21:06:13","guid":{"rendered":"https:\/\/nvnoticias.mx\/?p=211123"},"modified":"2026-03-07T15:06:20","modified_gmt":"2026-03-07T21:06:20","slug":"cabeza-fria-sheinbaum-sobre-declaraciones-de-trump-sobre-mexico-y-los-carteles","status":"publish","type":"post","link":"https:\/\/nvnoticias.mx\/index.php\/2026\/03\/07\/cabeza-fria-sheinbaum-sobre-declaraciones-de-trump-sobre-mexico-y-los-carteles\/","title":{"rendered":"&#8220;Cabeza fr\u00eda&#8221;: Sheinbaum sobre declaraciones de Trump sobre M\u00e9xico y los c\u00e1rteles"},"content":{"rendered":"\n<p><\/p>\n\n\n\n<p>La presidenta de M\u00e9xico,&nbsp;<strong>Claudia Sheinbaum Pardo<\/strong>, pidi\u00f3 mantener&nbsp;<strong>\u201ccabeza fr\u00eda\u201d<\/strong>&nbsp;ante las recientes declaraciones del mandatario de Estados Unidos,&nbsp;<strong>Donald Trump<\/strong>, quien se\u00f1al\u00f3 que M\u00e9xico es el epicentro de los c\u00e1rteles del narcotr\u00e1fico.<\/p>\n\n\n\n<p>Durante su llegada al&nbsp;<strong>CBTis 296<\/strong>, ubicado en&nbsp;<strong>Ixtapaluca, Estado de M\u00e9xico<\/strong>, la titular del Ejecutivo fue cuestionada&nbsp;sobre los comentarios hechos por su hom\u00f3logo estadounidense.<\/p>\n\n\n\n<p>En respuesta, Sheinbaum se limit\u00f3 a se\u00f1alar que fijar\u00e1 una postura oficial hasta el inicio de la pr\u00f3xima semana.<\/p>\n\n\n\n<p>\u201cEl lunes, el lunes, cabeza fr\u00eda\u201d, expres\u00f3 brevemente la mandataria.<\/p>\n\n\n\n<p>Horas antes, el presidente Trump anunci\u00f3 la creaci\u00f3n de una&nbsp;<strong>\u201ccoalici\u00f3n militar\u201d en Latinoam\u00e9rica<\/strong>&nbsp;para combatir a los c\u00e1rteles del narcotr\u00e1fico. En ese contexto afirm\u00f3 que M\u00e9xico es el centro de operaciones de estos grupos criminales, aunque tambi\u00e9n se refiri\u00f3 a Sheinbaum como&nbsp;<strong>\u201cuna muy buena persona\u201d<\/strong>&nbsp;y destac\u00f3 que tiene&nbsp;<strong>\u201cuna voz hermosa\u201d<\/strong>.<\/p>\n\n\n\n<p><\/p>\n","protected":false},"excerpt":{"rendered":"<p>La presidenta de M\u00e9xico,&nbsp;Claudia Sheinbaum Pardo, pidi\u00f3 mantener&nbsp;\u201ccabeza fr\u00eda\u201d&nbsp;ante las recientes declaraciones del mandatario de Estados Unidos,&nbsp;Donald Trump, quien se\u00f1al\u00f3 que M\u00e9xico es el epicentro de los c\u00e1rteles del narcotr\u00e1fico. Durante su llegada al&nbsp;CBTis 296, ubicado en&nbsp;Ixtapaluca, Estado de M\u00e9xico, la titular del Ejecutivo fue cuestionada&nbsp;sobre los comentarios hechos por su hom\u00f3logo estadounidense. En respuesta, [&hellip;]<\/p>\n","protected":false},"author":8,"featured_media":208084,"comment_status":"open","ping_status":"open","sticky":false,"template":"","format":"standard","meta":{"_monsterinsights_skip_tracking":false,"_monsterinsights_sitenote_active":false,"_monsterinsights_sitenote_note":"","_monsterinsights_sitenote_category":0,"footnotes":""},"categories":[157],"tags":[3045,2801,230,162],"class_list":["post-211123","post","type-post","status-publish","format-standard","has-post-thumbnail","hentry","category-nacional","tag-carteles","tag-claudia-sheinbaum","tag-donald-trump","tag-portada","wp-image-borders"],"amp_enabled":true,"_links":{"self":[{"href":"https:\/\/nvnoticias.mx\/index.php\/wp-json\/wp\/v2\/posts\/211123","targetHints":{"allow":["GET"]}}],"collection":[{"href":"https:\/\/nvnoticias.mx\/index.php\/wp-json\/wp\/v2\/posts"}],"about":[{"href":"https:\/\/nvnoticias.mx\/index.php\/wp-json\/wp\/v2\/types\/post"}],"author":[{"embeddable":true,"href":"https:\/\/nvnoticias.mx\/index.php\/wp-json\/wp\/v2\/users\/8"}],"replies":[{"embeddable":true,"href":"https:\/\/nvnoticias.mx\/index.php\/wp-json\/wp\/v2\/comments?post=211123"}],"version-history":[{"count":1,"href":"https:\/\/nvnoticias.mx\/index.php\/wp-json\/wp\/v2\/posts\/211123\/revisions"}],"predecessor-version":[{"id":211124,"href":"https:\/\/nvnoticias.mx\/index.php\/wp-json\/wp\/v2\/posts\/211123\/revisions\/211124"}],"wp:featuredmedia":[{"embeddable":true,"href":"https:\/\/nvnoticias.mx\/index.php\/wp-json\/wp\/v2\/media\/208084"}],"wp:attachment":[{"href":"https:\/\/nvnoticias.mx\/index.php\/wp-json\/wp\/v2\/media?parent=211123"}],"wp:term":[{"taxonomy":"category","embeddable":true,"href":"https:\/\/nvnoticias.mx\/index.php\/wp-json\/wp\/v2\/categories?post=211123"},{"taxonomy":"post_tag","embeddable":true,"href":"https:\/\/nvnoticias.mx\/index.php\/wp-json\/wp\/v2\/tags?post=211123"}],"curies":[{"name":"wp","href":"https:\/\/api.w.org\/{rel}","templated":true}]}}