{"id":211121,"date":"2026-03-07T15:02:43","date_gmt":"2026-03-07T21:02:43","guid":{"rendered":"https:\/\/nvnoticias.mx\/?p=211121"},"modified":"2026-03-07T15:02:51","modified_gmt":"2026-03-07T21:02:51","slug":"mexico-es-el-epicentro-de-la-violencia-de-los-carteles-trump-en-cumbre-regional","status":"publish","type":"post","link":"https:\/\/nvnoticias.mx\/index.php\/2026\/03\/07\/mexico-es-el-epicentro-de-la-violencia-de-los-carteles-trump-en-cumbre-regional\/","title":{"rendered":"M\u00e9xico es &#8220;el epicentro de la violencia&#8221; de los carteles: Trump en cumbre regional"},"content":{"rendered":"\n<p><\/p>\n\n\n\n<p>El presidente estadounidense, Donald Trump, afirm\u00f3 este s\u00e1bado en su cumbre con l\u00edderes latinoamericanos &#8216;Escudo de las Am\u00e9ricas&#8217; que &#8220;M\u00e9xico es el epicentro de la violencia de los carteles&#8221;, aunque afirm\u00f3 que la mandataria mexicana, Claudia Sheinbaum, es una &#8220;muy buena persona&#8221; con una &#8220;voz hermosa&#8221;.<\/p>\n\n\n\n<p>Esta ma\u00f1ana de s\u00e1bado inici\u00f3 en Miami la cumbre convocada por el presidente de Estados Unidos, Donald Trump, con doce l\u00edderes latinoamericanos.<\/p>\n\n\n\n<p>La reuni\u00f3n, bautizada como \u2018Escudo de las Am\u00e9ricas\u2019, se celebra en el Trump National Doral Miami, un resort con campo de golf propiedad del mandatario, y busca consolidar el liderazgo de Washington en Am\u00e9rica Latina y contrarrestar la creciente influencia de China en la regi\u00f3n.<\/p>\n\n\n\n<p>A la cumbre han sido invitados 12 pa\u00edses latinoamericanos con gobiernos considerados aliados de Washington como Argentina Bolivia, Costa Rica, Ecuador, El Salvador, Guyana, Honduras, Panam\u00e1, Paraguay, Trinidad y Tobago y Chile. No obstante, ni M\u00e9xico ni Brasil fueron invitados a esta reuni\u00f3n.<\/p>\n\n\n\n<p>&#8220;Como parte de nuestro compromiso para contrarrestar la presencia de los carteles en la regi\u00f3n, debemos reconocer que el epicentro de la violencia de los carteles es M\u00e9xico&#8221;, declar\u00f3 Trump al inaugurar su reuni\u00f3n con m\u00e1s de una decena de mandatarios latinoamericanos, pero a la que no invit\u00f3 a Sheinbaum.<br><br>El l\u00edder republicano, quien antes amenaz\u00f3 con bombardear a narcotraficantes en M\u00e9xico, insisti\u00f3 en Miami en que los &#8220;carteles mexicanos est\u00e1n impulsando y orquestando mucha del derrame de sangre y caos en el hemisferio&#8221;.<br><br>Por ello, avis\u00f3 que el &#8220;Gobierno de Estados Unidos har\u00e1 lo que sea necesario para defender la seguridad nacional y proteger la seguridad del pueblo estadounidense&#8221;.<br><br>Trump hizo estas declaraciones tras anunciar este s\u00e1bado una nueva &#8220;coalici\u00f3n militar&#8221; en Latinoam\u00e9rica contra los carteles del narcotr\u00e1fico durante su cumbre en Miami con l\u00edderes de derecha de la regi\u00f3n, pero a la que no invit\u00f3 a Sheinbaum ni a representantes de pa\u00edses como Colombia o Brasil.<br><br>La reuni\u00f3n ocurre tras la captura y muerte en febrero del l\u00edder del Cartel Jalisco Nueva Generaci\u00f3n (CJNG), Nemesio Oseguera Cervantes, El Mencho, el capo mexicano del narcotr\u00e1fico m\u00e1s buscado por ambos pa\u00edses, con ayuda de inteligencia estadounidense.<br><br>A\u00fan as\u00ed, Trump sostuvo que &#8220;los carteles est\u00e1n empeorando, est\u00e1n tomando control de su pa\u00eds y los carteles est\u00e1n dirigiendo M\u00e9xico&#8221;.<br><br>Por ello, record\u00f3 que en sus llamadas con Sheinbaum ha insistido en que Estados Unidos debe bombardear o enviar tropas estadounidenses para combatir a los carteles mexicanos.<br><br>&#8220;Ella (la presidenta de M\u00e9xico) una muy buena persona, ella tiene una voz hermosa, es una hermosa mujer. Pero con una voz hermosa. &#8216;Presidenta, presidenta&#8217;, le dije, &#8216;d\u00e9jeme erradicar a los carteles&#8217;. (Contest\u00f3): &#8216;no, no, no&#8217;. Por favor, presidenta, tenemos que erradicarlos&#8221;, relat\u00f3.<br><br>En la iniciativa &#8216;Escudo de las Am\u00e9ricas&#8217; de Trump, casi 20 pa\u00edses de Latinoam\u00e9rica y el Caribe prometieron cooperar con EE.UU. para combatir con fuerza militar a los &#8220;narcoterroristas&#8221;.&nbsp;<\/p>\n","protected":false},"excerpt":{"rendered":"<p>El presidente estadounidense, Donald Trump, afirm\u00f3 este s\u00e1bado en su cumbre con l\u00edderes latinoamericanos &#8216;Escudo de las Am\u00e9ricas&#8217; que &#8220;M\u00e9xico es el epicentro de la violencia de los carteles&#8221;, aunque afirm\u00f3 que la mandataria mexicana, Claudia Sheinbaum, es una &#8220;muy buena persona&#8221; con una &#8220;voz hermosa&#8221;. Esta ma\u00f1ana de s\u00e1bado inici\u00f3 en Miami la cumbre [&hellip;]<\/p>\n","protected":false},"author":8,"featured_media":206590,"comment_status":"open","ping_status":"open","sticky":false,"template":"","format":"standard","meta":{"_monsterinsights_skip_tracking":false,"_monsterinsights_sitenote_active":false,"_monsterinsights_sitenote_note":"","_monsterinsights_sitenote_category":0,"footnotes":""},"categories":[181],"tags":[3045,230,292,162],"class_list":["post-211121","post","type-post","status-publish","format-standard","has-post-thumbnail","hentry","category-internacional","tag-carteles","tag-donald-trump","tag-mexico","tag-portada","wp-image-borders"],"amp_enabled":true,"_links":{"self":[{"href":"https:\/\/nvnoticias.mx\/index.php\/wp-json\/wp\/v2\/posts\/211121","targetHints":{"allow":["GET"]}}],"collection":[{"href":"https:\/\/nvnoticias.mx\/index.php\/wp-json\/wp\/v2\/posts"}],"about":[{"href":"https:\/\/nvnoticias.mx\/index.php\/wp-json\/wp\/v2\/types\/post"}],"author":[{"embeddable":true,"href":"https:\/\/nvnoticias.mx\/index.php\/wp-json\/wp\/v2\/users\/8"}],"replies":[{"embeddable":true,"href":"https:\/\/nvnoticias.mx\/index.php\/wp-json\/wp\/v2\/comments?post=211121"}],"version-history":[{"count":1,"href":"https:\/\/nvnoticias.mx\/index.php\/wp-json\/wp\/v2\/posts\/211121\/revisions"}],"predecessor-version":[{"id":211122,"href":"https:\/\/nvnoticias.mx\/index.php\/wp-json\/wp\/v2\/posts\/211121\/revisions\/211122"}],"wp:featuredmedia":[{"embeddable":true,"href":"https:\/\/nvnoticias.mx\/index.php\/wp-json\/wp\/v2\/media\/206590"}],"wp:attachment":[{"href":"https:\/\/nvnoticias.mx\/index.php\/wp-json\/wp\/v2\/media?parent=211121"}],"wp:term":[{"taxonomy":"category","embeddable":true,"href":"https:\/\/nvnoticias.mx\/index.php\/wp-json\/wp\/v2\/categories?post=211121"},{"taxonomy":"post_tag","embeddable":true,"href":"https:\/\/nvnoticias.mx\/index.php\/wp-json\/wp\/v2\/tags?post=211121"}],"curies":[{"name":"wp","href":"https:\/\/api.w.org\/{rel}","templated":true}]}}