{"id":211112,"date":"2026-03-07T14:48:27","date_gmt":"2026-03-07T20:48:27","guid":{"rendered":"https:\/\/nvnoticias.mx\/?p=211112"},"modified":"2026-03-07T14:48:35","modified_gmt":"2026-03-07T20:48:35","slug":"alza-del-tomate-frena-ventas-en-mercados-familias-compran-menos","status":"publish","type":"post","link":"https:\/\/nvnoticias.mx\/index.php\/2026\/03\/07\/alza-del-tomate-frena-ventas-en-mercados-familias-compran-menos\/","title":{"rendered":"Alza del tomate frena ventas en mercados; familias compran menos"},"content":{"rendered":"\n<p><\/p>\n\n\n\n<p><strong>Sam Ojeda \/ NV Noticias<\/strong><\/p>\n\n\n\n<p>Xalapa.- El reciente encarecimiento del tomate provoc\u00f3 una disminuci\u00f3n en las compras tanto de familias como de negocios de comida, situaci\u00f3n que todav\u00eda resienten comerciantes de mercados, pese a que el precio comenz\u00f3 a bajar en los \u00faltimos d\u00edas.<\/p>\n\n\n\n<p>La semana pasada el kilo del producto lleg\u00f3 a venderse hasta en 50 pesos, lo que oblig\u00f3 a muchos consumidores a reducir la cantidad que llevaban a casa.<\/p>\n\n\n\n<p>\u201cS\u00ed, estuvo bien feo la semana pasada, estuvo hasta 50 pesos el kilo. Ahorita ya empez\u00f3 a bajar. Hoy, 35, 40 pesos, depende del tama\u00f1o\u201d, se\u00f1al\u00f3 la comerciante Claudia Viveros.<\/p>\n\n\n\n<p>Aunque el costo empez\u00f3 a descender, vendedores indicaron que el n\u00famero de clientes a\u00fan no se recupera, ya que muchas personas optan por adquirir solo lo indispensable o elegir el tomate m\u00e1s econ\u00f3mico.<\/p>\n\n\n\n<p>\u201cLa gente sigue llegando menos, se est\u00e1n llevando para salsa, que es el m\u00e1s econ\u00f3mico, de veinticinco pesos el kilo\u201d.<\/p>\n\n\n\n<p>El incremento tambi\u00e9n modific\u00f3 la forma de comprar de algunos restaurantes, que antes adquir\u00edan varios kilos del producto y ahora compran solo lo necesario para el d\u00eda.<\/p>\n\n\n\n<p>\u201cYo entregaba en un restaurante que se llevaban cuatro, cinco kilos y ahorita se est\u00e1n llevando cinco piezas, seis piezas nom\u00e1s, como para el d\u00eda y para rebanar\u201d.<\/p>\n\n\n\n<p>Ante la baja en las ventas, comerciantes se\u00f1alaron que han reducido la cantidad de tomate que llevan a los puestos para evitar que el producto se quede sin vender.<\/p>\n","protected":false},"excerpt":{"rendered":"<p>Sam Ojeda \/ NV Noticias Xalapa.- El reciente encarecimiento del tomate provoc\u00f3 una disminuci\u00f3n en las compras tanto de familias como de negocios de comida, situaci\u00f3n que todav\u00eda resienten comerciantes de mercados, pese a que el precio comenz\u00f3 a bajar en los \u00faltimos d\u00edas. La semana pasada el kilo del producto lleg\u00f3 a venderse hasta [&hellip;]<\/p>\n","protected":false},"author":8,"featured_media":138435,"comment_status":"open","ping_status":"open","sticky":false,"template":"","format":"standard","meta":{"_monsterinsights_skip_tracking":false,"_monsterinsights_sitenote_active":false,"_monsterinsights_sitenote_note":"","_monsterinsights_sitenote_category":0,"footnotes":""},"categories":[156],"tags":[7541,33087],"class_list":["post-211112","post","type-post","status-publish","format-standard","has-post-thumbnail","hentry","category-estado","tag-alza","tag-tomate","wp-image-borders"],"amp_enabled":true,"_links":{"self":[{"href":"https:\/\/nvnoticias.mx\/index.php\/wp-json\/wp\/v2\/posts\/211112","targetHints":{"allow":["GET"]}}],"collection":[{"href":"https:\/\/nvnoticias.mx\/index.php\/wp-json\/wp\/v2\/posts"}],"about":[{"href":"https:\/\/nvnoticias.mx\/index.php\/wp-json\/wp\/v2\/types\/post"}],"author":[{"embeddable":true,"href":"https:\/\/nvnoticias.mx\/index.php\/wp-json\/wp\/v2\/users\/8"}],"replies":[{"embeddable":true,"href":"https:\/\/nvnoticias.mx\/index.php\/wp-json\/wp\/v2\/comments?post=211112"}],"version-history":[{"count":1,"href":"https:\/\/nvnoticias.mx\/index.php\/wp-json\/wp\/v2\/posts\/211112\/revisions"}],"predecessor-version":[{"id":211113,"href":"https:\/\/nvnoticias.mx\/index.php\/wp-json\/wp\/v2\/posts\/211112\/revisions\/211113"}],"wp:featuredmedia":[{"embeddable":true,"href":"https:\/\/nvnoticias.mx\/index.php\/wp-json\/wp\/v2\/media\/138435"}],"wp:attachment":[{"href":"https:\/\/nvnoticias.mx\/index.php\/wp-json\/wp\/v2\/media?parent=211112"}],"wp:term":[{"taxonomy":"category","embeddable":true,"href":"https:\/\/nvnoticias.mx\/index.php\/wp-json\/wp\/v2\/categories?post=211112"},{"taxonomy":"post_tag","embeddable":true,"href":"https:\/\/nvnoticias.mx\/index.php\/wp-json\/wp\/v2\/tags?post=211112"}],"curies":[{"name":"wp","href":"https:\/\/api.w.org\/{rel}","templated":true}]}}